{"id":125538,"date":"2026-01-04T17:32:06","date_gmt":"2026-01-04T17:32:06","guid":{"rendered":"https:\/\/www.europesays.com\/se\/125538\/"},"modified":"2026-01-04T17:32:06","modified_gmt":"2026-01-04T17:32:06","slug":"svenska-tararna-jag-ar-jattesur-blir-paakt-langdskidor","status":"publish","type":"post","link":"https:\/\/www.europesays.com\/se\/125538\/","title":{"rendered":"Svenska t\u00e5rarna: \u201dJag \u00e4r j\u00e4ttesur \u2013 blir p\u00e5\u00e5kt\u201d | L\u00e4ngdskidor"},"content":{"rendered":"<p>Publicerad 4 jan 2026 kl 18.13<\/p>\n<p>Moa Lundgren slog personb\u00e4sta i Tour de ski.<\/p>\n<p>\u00c4nd\u00e5 br\u00f6t svenskan ut i t\u00e5rar efter m\u00e5lg\u00e5ng.<\/p>\n<p>\u2013 Jag \u00e4r j\u00e4ttesur, s\u00e4ger Lundgren.<\/p>\n<p>Lundgren i t\u00e5rar: \u201dJag \u00e4r j\u00e4ttearg\u201d<img loading=\"lazy\"   alt=\"\"\/><\/p>\n<p>Moa Lundgren br\u00f6t ihop efter m\u00e5lg\u00e5ng.<\/p>\n<p>Foto: Expressen<\/p>\n<p>\u00d6ppna bild i helsk\u00e4rm<img loading=\"lazy\"   alt=\"\"\/> <\/p>\n<p>Foto: Expressen<\/p>\n<p>\u00d6ppna bild i helsk\u00e4rm<\/p>\n<p>Senaste g\u00e5ngen Moa Lundgren k\u00f6rde Tour de ski hon in p\u00e5 30:e plats. I \u00e5rets upplaga blev det en betydligt b\u00e4ttre placering, men 27-\u00e5ringen var \u00e4nd\u00e5 inte n\u00f6jd.<\/p>\n<p>\u2013 Jag m\u00e5r \u00e5t helvete, s\u00e4ger Lundgren efter trettondeplatsen.<\/p>\n<p>Lundgren var i t\u00e5rar n\u00e4r hon kom till Expressens intervjumikrofon.\u00a0<\/p>\n<p>Anledningen?\u00a0<\/p>\n<p>Hennes personb\u00e4stanotering hade kunnat bli \u00e4nnu b\u00e4ttre om hon inte kraschat precis innan den v\u00e4rsta kl\u00e4ttringen startade.<\/p>\n<p>\u2013 Det k\u00e4nns som jag har \u00e5kt tv\u00e5 kilometer l\u00e4ngre f\u00f6r jag \u00e5kt ytterkurva runt alla. Dagen f\u00f6rtj\u00e4nade mer, s\u00e4ger hon.<\/p>\n<p>Lundgren efter personb\u00e4stat: \u201dT\u00f6ntigt att gr\u00e5ta\u201d<\/p>\n<p>Det var en massa st\u00f6k i sp\u00e5ret innan backen och Lundgren ber\u00e4ttar att hon blev p\u00e5k\u00f6rd av andra \u00e5kare.\u00a0<\/p>\n<p>\u2013 Sedan \u00e4r jag j\u00e4ttesur. Det blir s\u00e5 tajt att de \u00e5ker p\u00e5 mina skidor bakifr\u00e5n. D\u00e5 snurrar jag runt och g\u00e5r ner p\u00e5 kn\u00e4. D\u00e5 m\u00e5ste man v\u00e4nta p\u00e5 att kliva upp f\u00f6r det \u00e4r s\u00e5 mycket folk. Det k\u00e4nns skitsurt n\u00e4r det \u00e4r fyra sekunder till tiondeplats. Jag har stolpe ut.<\/p>\n<p>Sen skrattar Lundgren till.\u00a0<\/p>\n<p>\u2013 Det \u00e4r t\u00f6ntigt att gr\u00e5ta \u00f6ver en tiondeplats men sen \u00e4r jag l\u00f6jlig ocks\u00e5.<\/p>\n<p>\u2013 Jag g\u00f6r det j\u00e4vligt bra. Mycket vill ha mer.<\/p>\n","protected":false},"excerpt":{"rendered":"Publicerad 4 jan 2026 kl 18.13 Moa Lundgren slog personb\u00e4sta i Tour de ski. \u00c4nd\u00e5 br\u00f6t svenskan ut&hellip;\n","protected":false},"author":2,"featured_media":125539,"comment_status":"","ping_status":"","sticky":false,"template":"","format":"standard","meta":{"footnotes":""},"categories":[68],"tags":[34,857,111,110,31,33,32,30],"class_list":{"0":"post-125538","1":"post","2":"type-post","3":"status-publish","4":"format-standard","5":"has-post-thumbnail","7":"category-sport","8":"tag-se","9":"tag-sections-langdskidor","10":"tag-sport","11":"tag-sports","12":"tag-svenska","13":"tag-sverige","14":"tag-sweden","15":"tag-swedish"},"share_on_mastodon":{"url":"https:\/\/pubeurope.com\/@se\/115838028607583049","error":""},"_links":{"self":[{"href":"https:\/\/www.europesays.com\/se\/wp-json\/wp\/v2\/posts\/125538","targetHints":{"allow":["GET"]}}],"collection":[{"href":"https:\/\/www.europesays.com\/se\/wp-json\/wp\/v2\/posts"}],"about":[{"href":"https:\/\/www.europesays.com\/se\/wp-json\/wp\/v2\/types\/post"}],"author":[{"embeddable":true,"href":"https:\/\/www.europesays.com\/se\/wp-json\/wp\/v2\/users\/2"}],"replies":[{"embeddable":true,"href":"https:\/\/www.europesays.com\/se\/wp-json\/wp\/v2\/comments?post=125538"}],"version-history":[{"count":0,"href":"https:\/\/www.europesays.com\/se\/wp-json\/wp\/v2\/posts\/125538\/revisions"}],"wp:featuredmedia":[{"embeddable":true,"href":"https:\/\/www.europesays.com\/se\/wp-json\/wp\/v2\/media\/125539"}],"wp:attachment":[{"href":"https:\/\/www.europesays.com\/se\/wp-json\/wp\/v2\/media?parent=125538"}],"wp:term":[{"taxonomy":"category","embeddable":true,"href":"https:\/\/www.europesays.com\/se\/wp-json\/wp\/v2\/categories?post=125538"},{"taxonomy":"post_tag","embeddable":true,"href":"https:\/\/www.europesays.com\/se\/wp-json\/wp\/v2\/tags?post=125538"}],"curies":[{"name":"wp","href":"https:\/\/api.w.org\/{rel}","templated":true}]}}