{"id":125542,"date":"2026-01-04T17:34:06","date_gmt":"2026-01-04T17:34:06","guid":{"rendered":"https:\/\/www.europesays.com\/se\/125542\/"},"modified":"2026-01-04T17:34:06","modified_gmt":"2026-01-04T17:34:06","slug":"openais-forsta-hardvara-kan-bli-en-penna","status":"publish","type":"post","link":"https:\/\/www.europesays.com\/se\/125542\/","title":{"rendered":"OpenAI:s f\u00f6rsta h\u00e5rdvara kan bli en penna"},"content":{"rendered":"<p class=\"kicker t20 font-Raleway\" style=\"\">Artificiell intelligens i br\u00f6stfickan<\/p>\n<p>\n        Pennan p\u00e5 bilden har inget med den eventuella pennan i artikeln att g\u00f6ra.<br \/>\n        Pixabay\n    <\/p>\n<p>    OpenAI kan vara p\u00e5 v\u00e4g att lansera sin f\u00f6rsta fysiska AI\u2011produkt som kan bli en penna utvecklad tillsammans med den tidigare Apple\u2011designern Jony Ive.<\/p>\n<p>Ett nytt rykte pekar p\u00e5 att\u00a0den\u00a0f\u00f6rsta fysiska AI\u2011produkt\u00a0fr\u00e5n\u00a0OpenAI\u00a0kan bli en penna. Uppgifterna kommer fr\u00e5n\u00a0publikationen\u00a0<a href=\"https:\/\/www.androidauthority.com\/openai-jony-ive-hardware-pen-3628586\/ \" target=\"_blank\" rel=\"nofollow noopener\">Android\u00a0Authority<\/a>\u00a0som h\u00e4nvisar till\u00a0en branschl\u00e4cka. Pennan ska vara t\u00e4nkt som ett AI\u2011verktyg som kan anv\u00e4ndas utan sk\u00e4rm och kopplas till\u00a0OpenAIs\u00a0tj\u00e4nster, till exempel f\u00f6r att tolka handskriven text eller ge st\u00f6d i realtid.\u00a0<\/p>\n<p>Projektet uppges internt ha kodnamnet \u201dGumdrop\u201d. Enligt\u00a0l\u00e4ckan\u00a0har\u00a0OpenAI\u00a0unders\u00f6kt flera olika produktid\u00e9er, men pennan beskrivs nu som den mest sannolika f\u00f6rsta lanseringen. Samma k\u00e4lla uppger att tillverkningen kan hamna hos\u00a0Foxconn\u00a0efter att tidigare planer med en annan leverant\u00f6r \u00e4ndrats.\u00a0<\/p>\n<p>Bakgrunden till satsningen \u00e4r att\u00a0OpenAI\u00a0nyligen k\u00f6pt designf\u00f6retaget\u00a0io, som grundades av\u00a0Jony\u00a0Ive. Aff\u00e4ren \u00e4r v\u00e4rd omkring 6,4 miljarder dollar och inneb\u00e4r att\u00a0Ive\u00a0f\u00e5r en viktig roll i utvecklingen av\u00a0OpenAIs\u00a0framtida produkter. Enligt\u00a0OpenAI\u00a0ska den f\u00f6rsta fysiska AI\u2011produkten inte vara en mobiltelefon, utan ett nytt slags hj\u00e4lpmedel som ska minska behovet av sk\u00e4rmar. En lansering kan ske tidigast under 2026.\u00a0<\/p>\n<p>Uppgifterna om pennan \u00e4r \u00e4nnu inte bekr\u00e4ftade av\u00a0OpenAI.\u00a0<\/p>\n","protected":false},"excerpt":{"rendered":"Artificiell intelligens i br\u00f6stfickan Pennan p\u00e5 bilden har inget med den eventuella pennan i artikeln att g\u00f6ra. Pixabay&hellip;\n","protected":false},"author":2,"featured_media":125543,"comment_status":"","ping_status":"","sticky":false,"template":"","format":"standard","meta":{"footnotes":""},"categories":[66],"tags":[80,78,79,34,31,33,32,30,81,84,83,82],"class_list":{"0":"post-125542","1":"post","2":"type-post","3":"status-publish","4":"format-standard","5":"has-post-thumbnail","7":"category-vetenskap-och-teknik","8":"tag-science","9":"tag-science-and-technology","10":"tag-scienceandtechnology","11":"tag-se","12":"tag-svenska","13":"tag-sverige","14":"tag-sweden","15":"tag-swedish","16":"tag-technology","17":"tag-teknik","18":"tag-vetenskap","19":"tag-vetenskapteknik"},"share_on_mastodon":{"url":"https:\/\/pubeurope.com\/@se\/115838036423858387","error":""},"_links":{"self":[{"href":"https:\/\/www.europesays.com\/se\/wp-json\/wp\/v2\/posts\/125542","targetHints":{"allow":["GET"]}}],"collection":[{"href":"https:\/\/www.europesays.com\/se\/wp-json\/wp\/v2\/posts"}],"about":[{"href":"https:\/\/www.europesays.com\/se\/wp-json\/wp\/v2\/types\/post"}],"author":[{"embeddable":true,"href":"https:\/\/www.europesays.com\/se\/wp-json\/wp\/v2\/users\/2"}],"replies":[{"embeddable":true,"href":"https:\/\/www.europesays.com\/se\/wp-json\/wp\/v2\/comments?post=125542"}],"version-history":[{"count":0,"href":"https:\/\/www.europesays.com\/se\/wp-json\/wp\/v2\/posts\/125542\/revisions"}],"wp:featuredmedia":[{"embeddable":true,"href":"https:\/\/www.europesays.com\/se\/wp-json\/wp\/v2\/media\/125543"}],"wp:attachment":[{"href":"https:\/\/www.europesays.com\/se\/wp-json\/wp\/v2\/media?parent=125542"}],"wp:term":[{"taxonomy":"category","embeddable":true,"href":"https:\/\/www.europesays.com\/se\/wp-json\/wp\/v2\/categories?post=125542"},{"taxonomy":"post_tag","embeddable":true,"href":"https:\/\/www.europesays.com\/se\/wp-json\/wp\/v2\/tags?post=125542"}],"curies":[{"name":"wp","href":"https:\/\/api.w.org\/{rel}","templated":true}]}}