{"id":125546,"date":"2026-01-04T17:37:22","date_gmt":"2026-01-04T17:37:22","guid":{"rendered":"https:\/\/www.europesays.com\/se\/125546\/"},"modified":"2026-01-04T17:37:22","modified_gmt":"2026-01-04T17:37:22","slug":"brand-i-lagenhet-i-rattvik-boende-evakuerades","status":"publish","type":"post","link":"https:\/\/www.europesays.com\/se\/125546\/","title":{"rendered":"Brand i l\u00e4genhet i R\u00e4ttvik \u2013 boende evakuerades"},"content":{"rendered":"<p>Larmet kom in till SOS Alarm strax innan kl 3 p\u00e5 s\u00f6ndagsmorgonen efter att det b\u00f6rjat brinna i en l\u00e4genhet p\u00e5 bottenplan. Flera r\u00e4ddningsenheter larmades till platsen under morgonen men vid 08:30-tiden var enbart en r\u00e4ddningsenhet kvar p\u00e5 platsen.<\/p>\n<p>De boende som evakuerades kunde under r\u00e4ddningsarbetet upps\u00f6ka skydd i en n\u00e4rliggande kyrka, <a href=\"https:\/\/www.falukuriren.se\/2026-01-04\/brand-med-oppna-lagor-i-lagenhetshus-boende-evakuerades\/\" rel=\"nofollow noopener\" target=\"_blank\">enligt Falu-Kuriren<\/a>. Senare under dagen \u00f6ppnade \u00e4ven fastighets\u00e4garen upp en samlingslokal.<\/p>\n<p>Enligt polisen ska det inte finnas n\u00e5gon brottsmisstanke i samband med hur branden startade. Ingen person ska heller ha skadats i samband med h\u00e4ndelsen.<\/p>\n","protected":false},"excerpt":{"rendered":"Larmet kom in till SOS Alarm strax innan kl 3 p\u00e5 s\u00f6ndagsmorgonen efter att det b\u00f6rjat brinna i&hellip;\n","protected":false},"author":2,"featured_media":793,"comment_status":"","ping_status":"","sticky":false,"template":"","format":"standard","meta":{"footnotes":""},"categories":[12],"tags":[22,23,26,27,17,21,24,25,28,29,15,16,18,34,31,33,32,30,19,20],"class_list":{"0":"post-125546","1":"post","2":"type-post","3":"status-publish","4":"format-standard","5":"has-post-thumbnail","7":"category-sverige","8":"tag-breaking-news","9":"tag-breakingnews","10":"tag-featured-news","11":"tag-featurednews","12":"tag-headlines","13":"tag-huvudnyheter","14":"tag-latest-news","15":"tag-latestnews","16":"tag-main-news","17":"tag-mainnews","18":"tag-news","19":"tag-nyheter","20":"tag-rubriker","21":"tag-se","22":"tag-svenska","23":"tag-sverige","24":"tag-sweden","25":"tag-swedish","26":"tag-top-stories","27":"tag-topstories"},"share_on_mastodon":{"url":"https:\/\/pubeurope.com\/@se\/115838048231807068","error":""},"_links":{"self":[{"href":"https:\/\/www.europesays.com\/se\/wp-json\/wp\/v2\/posts\/125546","targetHints":{"allow":["GET"]}}],"collection":[{"href":"https:\/\/www.europesays.com\/se\/wp-json\/wp\/v2\/posts"}],"about":[{"href":"https:\/\/www.europesays.com\/se\/wp-json\/wp\/v2\/types\/post"}],"author":[{"embeddable":true,"href":"https:\/\/www.europesays.com\/se\/wp-json\/wp\/v2\/users\/2"}],"replies":[{"embeddable":true,"href":"https:\/\/www.europesays.com\/se\/wp-json\/wp\/v2\/comments?post=125546"}],"version-history":[{"count":0,"href":"https:\/\/www.europesays.com\/se\/wp-json\/wp\/v2\/posts\/125546\/revisions"}],"wp:featuredmedia":[{"embeddable":true,"href":"https:\/\/www.europesays.com\/se\/wp-json\/wp\/v2\/media\/793"}],"wp:attachment":[{"href":"https:\/\/www.europesays.com\/se\/wp-json\/wp\/v2\/media?parent=125546"}],"wp:term":[{"taxonomy":"category","embeddable":true,"href":"https:\/\/www.europesays.com\/se\/wp-json\/wp\/v2\/categories?post=125546"},{"taxonomy":"post_tag","embeddable":true,"href":"https:\/\/www.europesays.com\/se\/wp-json\/wp\/v2\/tags?post=125546"}],"curies":[{"name":"wp","href":"https:\/\/api.w.org\/{rel}","templated":true}]}}