{"id":125547,"date":"2026-01-04T17:38:08","date_gmt":"2026-01-04T17:38:08","guid":{"rendered":"https:\/\/www.europesays.com\/se\/125547\/"},"modified":"2026-01-04T17:38:08","modified_gmt":"2026-01-04T17:38:08","slug":"smhi-varnar-pa-nytt-kraftigt-snofall-fortsatter-2","status":"publish","type":"post","link":"https:\/\/www.europesays.com\/se\/125547\/","title":{"rendered":"SMHI varnar p\u00e5 nytt \u2013 kraftigt sn\u00f6fall forts\u00e4tter"},"content":{"rendered":"<p><strong>SMHI varnar f\u00f6r<\/strong> kraftiga sn\u00f6byar p\u00e5 upp till 15 centimeter sn\u00f6 som kan ge trafikproblem i \u00f6stra Kalmar l\u00e4n och p\u00e5 norra \u00d6land. Den gula varningen f\u00f6r Kalmar l\u00e4n g\u00e4ller fram till klockan 18 p\u00e5 s\u00f6ndagen, medan ov\u00e4dret v\u00e4ntas bedarra f\u00f6rst p\u00e5 m\u00e5ndagsf\u00f6rmiddagen p\u00e5 norra \u00d6land.<\/p>\n<p>Nu utf\u00e4rdar SMHI \u00e4ven en varning f\u00f6r m\u00e5ndagen som avser Blekinge, nord\u00f6stra Sk\u00e5ne, s\u00f6dra \u00d6land samt delar av Sm\u00e5land, Halland och V\u00e4sterg\u00f6tland. Natten mot m\u00e5ndagen r\u00e4knar man att det b\u00f6rjar sn\u00f6a och att det h\u00e5ller i sig till eftermiddagen. Totalt v\u00e4ntas uppemot 15 centimeter sn\u00f6.<\/p>\n<p><strong>Helgens sn\u00f6 har<\/strong> fr\u00e4mst fallit i mellersta och s\u00f6dra Sverige. I Oskarshamn har exempelvis hela 51 centimeter uppm\u00e4tts.<\/p>\n<p>\u201dDet st\u00e4mmer ganska v\u00e4l med vad vi t\u00e4nkte. Vi v\u00e4ntade oss stora m\u00e4ngder i \u00f6stra Svealand i g\u00e5r (l\u00f6rdag) och s\u00e5 blev det, och samma sak med delar av \u00f6stra G\u00f6taland\u201d, s\u00e4ger Toni Fuentes, meteorolog p\u00e5 SMHI.<\/p>\n<p>Just nu r\u00e5der det minusgrader i n\u00e4stan hela Sverige. Endast tv\u00e5 m\u00e4tstationer \u2013 en p\u00e5 \u00d6land och en p\u00e5 Gotland \u2013 har rapporterat plusgrader. I Gielas i Lapplandsfj\u00e4llen uppm\u00e4ttes 40 minusgrader under natten, vilket \u00e4r k\u00f6ldrekord f\u00f6r denna vinter.<\/p>\n<p>\u201dDet \u00e4r r\u00e4tt kallt i stora delar av norra Norrland, med 30\u201335 minusgrader eller kallare.\u201d<\/p>\n<p><strong>Cirka 5.500 abonnenter<\/strong> var p\u00e5 s\u00f6ndagsmorgonen utan el, enligt Svenska kraftn\u00e4t, de flesta av dem i G\u00e4vletrakten och delar av Dalarna. N\u00e4tbolagen \u201darbetar intensivt med att hantera konsekvenserna av stormen och \u00e5terst\u00e4lla elf\u00f6rs\u00f6rjningen\u201d, skriver Svenska kraftn\u00e4t p\u00e5 sin hemsida.<\/p>\n<p>I G\u00e4vleborgs l\u00e4n var p\u00e5 s\u00f6ndagseftermiddagen drygt 1.800 kunder av eln\u00e4tsbolaget Ellevio utan el.<\/p>\n<p><strong>Situationen p\u00e5 landets v\u00e4gar<\/strong> har d\u00e4remot \u00f6verlag varit \u201dganska behaglig\u201d trots sn\u00f6ov\u00e4dret, s\u00e4ger Trafikverkets presskommunikat\u00f6r Beisi Sundin. Ett antal av\u00e5kningar har rapporterats, men inga allvarliga olyckor.<\/p>\n<p>\u201dDet har varit f\u00f6rv\u00e5nansv\u00e4rt bra med tanke p\u00e5 den v\u00e4dersituation vi har haft. Trafikanterna har tagit det lugnt, k\u00f6rt l\u00e5ngsamt och h\u00e5llit avst\u00e5nd och det \u00e4r vi tacksamma f\u00f6r\u201d, s\u00e4ger hon.<\/p>\n<p>T\u00e5gtrafiken norrut fr\u00e5n G\u00e4vle, som st\u00e4lldes in under det kraftiga sn\u00f6ov\u00e4dret, kommer som planerat att b\u00f6rja rulla igen fr\u00e5n klockan 10 p\u00e5 m\u00e5ndagen.<\/p>\n","protected":false},"excerpt":{"rendered":"SMHI varnar f\u00f6r kraftiga sn\u00f6byar p\u00e5 upp till 15 centimeter sn\u00f6 som kan ge trafikproblem i \u00f6stra Kalmar&hellip;\n","protected":false},"author":2,"featured_media":125548,"comment_status":"","ping_status":"","sticky":false,"template":"","format":"standard","meta":{"footnotes":""},"categories":[5],"tags":[22,23,26,27,17,21,24,25,28,29,15,16,18,34,31,33,32,30,19,20],"class_list":{"0":"post-125547","1":"post","2":"type-post","3":"status-publish","4":"format-standard","5":"has-post-thumbnail","7":"category-rubriker","8":"tag-breaking-news","9":"tag-breakingnews","10":"tag-featured-news","11":"tag-featurednews","12":"tag-headlines","13":"tag-huvudnyheter","14":"tag-latest-news","15":"tag-latestnews","16":"tag-main-news","17":"tag-mainnews","18":"tag-news","19":"tag-nyheter","20":"tag-rubriker","21":"tag-se","22":"tag-svenska","23":"tag-sverige","24":"tag-sweden","25":"tag-swedish","26":"tag-top-stories","27":"tag-topstories"},"share_on_mastodon":{"url":"https:\/\/pubeurope.com\/@se\/115838052123304805","error":""},"_links":{"self":[{"href":"https:\/\/www.europesays.com\/se\/wp-json\/wp\/v2\/posts\/125547","targetHints":{"allow":["GET"]}}],"collection":[{"href":"https:\/\/www.europesays.com\/se\/wp-json\/wp\/v2\/posts"}],"about":[{"href":"https:\/\/www.europesays.com\/se\/wp-json\/wp\/v2\/types\/post"}],"author":[{"embeddable":true,"href":"https:\/\/www.europesays.com\/se\/wp-json\/wp\/v2\/users\/2"}],"replies":[{"embeddable":true,"href":"https:\/\/www.europesays.com\/se\/wp-json\/wp\/v2\/comments?post=125547"}],"version-history":[{"count":0,"href":"https:\/\/www.europesays.com\/se\/wp-json\/wp\/v2\/posts\/125547\/revisions"}],"wp:featuredmedia":[{"embeddable":true,"href":"https:\/\/www.europesays.com\/se\/wp-json\/wp\/v2\/media\/125548"}],"wp:attachment":[{"href":"https:\/\/www.europesays.com\/se\/wp-json\/wp\/v2\/media?parent=125547"}],"wp:term":[{"taxonomy":"category","embeddable":true,"href":"https:\/\/www.europesays.com\/se\/wp-json\/wp\/v2\/categories?post=125547"},{"taxonomy":"post_tag","embeddable":true,"href":"https:\/\/www.europesays.com\/se\/wp-json\/wp\/v2\/tags?post=125547"}],"curies":[{"name":"wp","href":"https:\/\/api.w.org\/{rel}","templated":true}]}}