{"id":125549,"date":"2026-01-04T17:40:08","date_gmt":"2026-01-04T17:40:08","guid":{"rendered":"https:\/\/www.europesays.com\/se\/125549\/"},"modified":"2026-01-04T17:40:08","modified_gmt":"2026-01-04T17:40:08","slug":"allt-farre-soker-asyl-i-tyskland","status":"publish","type":"post","link":"https:\/\/www.europesays.com\/se\/125549\/","title":{"rendered":"Allt f\u00e4rre s\u00f6ker asyl i Tyskland"},"content":{"rendered":"<p>share-arrowDela<\/p>\n<p>unsaveSpara<\/p>\n<p>expand-left<\/p>\n<p>helsk\u00e4rm<img decoding=\"async\" class=\"image-asset hyperion-css-u06ts1\" data-test-tag=\"image-asset\" src=\"https:\/\/www.europesays.com\/se\/wp-content\/uploads\/2026\/01\/1a2587dc-7425-43b8-a672-cc027143cac2.jpeg\"  alt=\"Ett migrationscenter i Frankfurt an der Oder, n\u00e4ra gr\u00e4nsen till Polen. Arkivbild\"  loading=\"eager\" fetchpriority=\"high\" style=\"aspect-ratio:1900 \/ 1194\"\/>Ett migrationscenter i Frankfurt an der Oder, n\u00e4ra gr\u00e4nsen till Polen. Arkivbild Foto: Michael Sohn\/AP\/TT<\/p>\n<p class=\"hyperion-css-1shl3oz\" data-test-tag=\"lead-text\">Antalet asylans\u00f6kningar forts\u00e4tter att minska i Tyskland. F\u00f6rra \u00e5ret ans\u00f6kte 113\u00a0000 personer om asyl i landet, en halvering j\u00e4mf\u00f6rt med \u00e5ret dessf\u00f6rinnan.<\/p>\n<p class=\"hyperion-css-1v9qo5x\">Tyskland har stramat upp sin immigrationspolitik med bland annat minskad m\u00f6jlighet till familje\u00e5terf\u00f6rening och sk\u00e4rpta gr\u00e4nskontroller som hindrar m\u00e4nniskor fr\u00e5n att komma in i landet.<\/p>\n<p class=\"hyperion-css-1v9qo5x\">Det har resulterat i att antalet asyls\u00f6kande minskat kraftigt. Fr\u00e5n att ha tagit emot 329\u00a0000 asyls\u00f6kande 2023 var det bara omkring en tredjedel s\u00e5 m\u00e5nga som s\u00f6kte asyl i landet f\u00f6rra \u00e5ret, skriver tyska medier med h\u00e4nvisning till Bild am Sonntag.<\/p>\n<p class=\"hyperion-css-1v9qo5x\">Att inb\u00f6rdeskriget i Syrien \u00e4r \u00f6ver sedan diktatorn Bashar al-Assad st\u00f6rtats har ocks\u00e5 p\u00e5verkat flyktingstr\u00f6mmen till landet, som tidigare var en av de gener\u00f6saste asylmottagarna i Europa.<\/p>\n<p class=\"hyperion-css-1v9qo5x\">F\u00f6rbundskansler Friedrich Merz sade i november f\u00f6rra \u00e5ret att \u201ddet finns nu absolut inga asylsk\u00e4l i Tyskland\u201d. I slutet av december f\u00f6rra \u00e5ret deporterades en person till Syrien f\u00f6r f\u00f6rsta g\u00e5ngen sedan 2011.<\/p>\n","protected":false},"excerpt":{"rendered":"share-arrowDela unsaveSpara expand-left helsk\u00e4rmEtt migrationscenter i Frankfurt an der Oder, n\u00e4ra gr\u00e4nsen till Polen. Arkivbild Foto: Michael Sohn\/AP\/TT&hellip;\n","protected":false},"author":2,"featured_media":125550,"comment_status":"","ping_status":"","sticky":false,"template":"","format":"standard","meta":{"footnotes":""},"categories":[68],"tags":[34,111,110,31,33,32,30],"class_list":{"0":"post-125549","1":"post","2":"type-post","3":"status-publish","4":"format-standard","5":"has-post-thumbnail","7":"category-sport","8":"tag-se","9":"tag-sport","10":"tag-sports","11":"tag-svenska","12":"tag-sverige","13":"tag-sweden","14":"tag-swedish"},"share_on_mastodon":{"url":"https:\/\/pubeurope.com\/@se\/115838060054519780","error":""},"_links":{"self":[{"href":"https:\/\/www.europesays.com\/se\/wp-json\/wp\/v2\/posts\/125549","targetHints":{"allow":["GET"]}}],"collection":[{"href":"https:\/\/www.europesays.com\/se\/wp-json\/wp\/v2\/posts"}],"about":[{"href":"https:\/\/www.europesays.com\/se\/wp-json\/wp\/v2\/types\/post"}],"author":[{"embeddable":true,"href":"https:\/\/www.europesays.com\/se\/wp-json\/wp\/v2\/users\/2"}],"replies":[{"embeddable":true,"href":"https:\/\/www.europesays.com\/se\/wp-json\/wp\/v2\/comments?post=125549"}],"version-history":[{"count":0,"href":"https:\/\/www.europesays.com\/se\/wp-json\/wp\/v2\/posts\/125549\/revisions"}],"wp:featuredmedia":[{"embeddable":true,"href":"https:\/\/www.europesays.com\/se\/wp-json\/wp\/v2\/media\/125550"}],"wp:attachment":[{"href":"https:\/\/www.europesays.com\/se\/wp-json\/wp\/v2\/media?parent=125549"}],"wp:term":[{"taxonomy":"category","embeddable":true,"href":"https:\/\/www.europesays.com\/se\/wp-json\/wp\/v2\/categories?post=125549"},{"taxonomy":"post_tag","embeddable":true,"href":"https:\/\/www.europesays.com\/se\/wp-json\/wp\/v2\/tags?post=125549"}],"curies":[{"name":"wp","href":"https:\/\/api.w.org\/{rel}","templated":true}]}}