{"id":125553,"date":"2026-01-04T17:42:07","date_gmt":"2026-01-04T17:42:07","guid":{"rendered":"https:\/\/www.europesays.com\/se\/125553\/"},"modified":"2026-01-04T17:42:07","modified_gmt":"2026-01-04T17:42:07","slug":"inga-fler-nya-mobiler-fran-asus","status":"publish","type":"post","link":"https:\/\/www.europesays.com\/se\/125553\/","title":{"rendered":"Inga fler nya mobiler fr\u00e5n Asus"},"content":{"rendered":"<p class=\"kicker t20 font-Raleway\" style=\"\">Paus i produktionen<\/p>\n<p>    Asus planerar att inte lansera n\u00e5gra nya under 2026 men s\u00e4ger att mobilverksamheten forts\u00e4tter.<\/p>\n<p>Asus\u00a0kommer inte att lansera n\u00e5gra nya Androidtelefoner under 2026. Det uppger f\u00f6retaget efter uppgifter om att mobilverksamheten skulle vara p\u00e5 v\u00e4g att avslutas. Enligt\u00a0Asus\u00a0handlar det i st\u00e4llet om en paus i lanseringarna, medan verksamheten forts\u00e4tter i nuvarande form. Detta enligt publikationen\u00a0<a href=\"https:\/\/www.digitimes.com\/news\/a20260102PD236\/smartphone-asus-taiwan-mobile-market.html \" target=\"_blank\" rel=\"nofollow noopener\">Digitimes\u00a0Asia<\/a>.\u00a0<\/p>\n<p>F\u00f6retaget betonar att befintliga kunder inte p\u00e5verkas. Underh\u00e5ll, mjukvaruuppdateringar och garanti\u00e5taganden ska forts\u00e4tta som vanligt f\u00f6r redan sl\u00e4ppta modeller.\u00a0Asus\u00a0s\u00e4ger ocks\u00e5 att man har informerat operat\u00f6rer och \u00e5terf\u00f6rs\u00e4ljare om att mobilverksamheten finns kvar, trots att inga nya modeller planeras n\u00e4sta \u00e5r.\u00a0<\/p>\n<p>Bakgrunden \u00e4r flera \u00e5r av h\u00e5rd konkurrens p\u00e5 smartphonemarknaden.\u00a0Asus\u00a0har tidigare haft framg\u00e5ngar med\u00a0Zenfone-serien och senare med spelinriktade ROG\u00a0Phone, men har haft sv\u00e5rt att n\u00e5 l\u00f6nsamhet i st\u00f6rre skala. Redan 2018 gjorde f\u00f6retaget en st\u00f6rre omst\u00e4llning och tog betydande kostnader kopplade till mobilverksamheten.\u00a0<\/p>\n<p>Beslutet att pausa nya lanseringar ses som ett tecken p\u00e5 att\u00a0Asus\u00a0omv\u00e4rderar sin roll p\u00e5 mobilmarknaden, samtidigt som f\u00f6retaget f\u00f6rs\u00e4krar att st\u00f6det till nuvarande anv\u00e4ndare ska forts\u00e4tta utan f\u00f6r\u00e4ndringar.\u00a0<\/p>\n","protected":false},"excerpt":{"rendered":"Paus i produktionen Asus planerar att inte lansera n\u00e5gra nya under 2026 men s\u00e4ger att mobilverksamheten forts\u00e4tter. Asus\u00a0kommer&hellip;\n","protected":false},"author":2,"featured_media":125554,"comment_status":"","ping_status":"","sticky":false,"template":"","format":"standard","meta":{"footnotes":""},"categories":[66],"tags":[80,78,79,34,31,33,32,30,81,84,83,82],"class_list":{"0":"post-125553","1":"post","2":"type-post","3":"status-publish","4":"format-standard","5":"has-post-thumbnail","7":"category-vetenskap-och-teknik","8":"tag-science","9":"tag-science-and-technology","10":"tag-scienceandtechnology","11":"tag-se","12":"tag-svenska","13":"tag-sverige","14":"tag-sweden","15":"tag-swedish","16":"tag-technology","17":"tag-teknik","18":"tag-vetenskap","19":"tag-vetenskapteknik"},"share_on_mastodon":{"url":"https:\/\/pubeurope.com\/@se\/115838067920283126","error":""},"_links":{"self":[{"href":"https:\/\/www.europesays.com\/se\/wp-json\/wp\/v2\/posts\/125553","targetHints":{"allow":["GET"]}}],"collection":[{"href":"https:\/\/www.europesays.com\/se\/wp-json\/wp\/v2\/posts"}],"about":[{"href":"https:\/\/www.europesays.com\/se\/wp-json\/wp\/v2\/types\/post"}],"author":[{"embeddable":true,"href":"https:\/\/www.europesays.com\/se\/wp-json\/wp\/v2\/users\/2"}],"replies":[{"embeddable":true,"href":"https:\/\/www.europesays.com\/se\/wp-json\/wp\/v2\/comments?post=125553"}],"version-history":[{"count":0,"href":"https:\/\/www.europesays.com\/se\/wp-json\/wp\/v2\/posts\/125553\/revisions"}],"wp:featuredmedia":[{"embeddable":true,"href":"https:\/\/www.europesays.com\/se\/wp-json\/wp\/v2\/media\/125554"}],"wp:attachment":[{"href":"https:\/\/www.europesays.com\/se\/wp-json\/wp\/v2\/media?parent=125553"}],"wp:term":[{"taxonomy":"category","embeddable":true,"href":"https:\/\/www.europesays.com\/se\/wp-json\/wp\/v2\/categories?post=125553"},{"taxonomy":"post_tag","embeddable":true,"href":"https:\/\/www.europesays.com\/se\/wp-json\/wp\/v2\/tags?post=125553"}],"curies":[{"name":"wp","href":"https:\/\/api.w.org\/{rel}","templated":true}]}}