{"id":125557,"date":"2026-01-04T17:45:08","date_gmt":"2026-01-04T17:45:08","guid":{"rendered":"https:\/\/www.europesays.com\/se\/125557\/"},"modified":"2026-01-04T17:45:08","modified_gmt":"2026-01-04T17:45:08","slug":"tove-lifvendahls-nyhetsbrev-4-januari-2026","status":"publish","type":"post","link":"https:\/\/www.europesays.com\/se\/125557\/","title":{"rendered":"Tove Lifvendahls nyhetsbrev 4 januari 2026"},"content":{"rendered":"<p>I den svenska inrikeskontexten b\u00f6rjar vi f\u00f6rbereda oss f\u00f6r val\u00e5rets rutiner och ritualer, och till dem h\u00f6r att det alltid finns dem som ben\u00e4mner kommande val f\u00f6r \u201dett \u00f6desval\u201d. B\u00e5de regering och opposition kan anv\u00e4nda uttrycket, f\u00f6r att \u00f6ka k\u00e4nslan av dramatik.<\/p>\n<p>Och det g\u00e5r varje g\u00e5ng att argumentera f\u00f6r att det \u00e4r sant. Den som har en dynamisk och inte statisk syn p\u00e5 samh\u00e4llsutvecklingen vet att det inte finns n\u00e5got \u00f6desbundet eller f\u00f6rutbest\u00e4mt; hela tiden f\u00f6r\u00e4ndras f\u00f6ruts\u00e4ttningar och skapas tillvaron genom enskilda och kollektiva beslut och handlingar. <\/p>\n<p>Vad som g\u00e5r att konstatera \u00e4r att Sverige i detta val har en mycket mer os\u00e4ker och of\u00f6ruts\u00e4gbar omgivning \u00e4n p\u00e5 mycket l\u00e4nge. Andra l\u00e4nders n\u00e4rvaro i v\u00e5rt land \u00e4r av b\u00e5de positiv och hotfull karakt\u00e4r, och det g\u00f6r att v\u00e5ra politiker beh\u00f6ver ha omd\u00f6me och utblick att hantera detta faktum likv\u00e4l som alla inrikespolitiska fr\u00e5gor.<\/p>\n<p>Under de f\u00f6rsta dagarna av 2026 har stora r\u00f6relser \u00e4gt rum. Sj\u00e4lv f\u00f6ljer jag bland annat exiliranskan och m\u00e4nniskor\u00e4ttsaktivisten Masih Alinejads rapportering om de stora folkliga protesterna i Iran, d\u00e4r regimen har svarat med d\u00f6dligt v\u00e5ld mot demonstranterna. Vi har flera g\u00e5nger publicerat intervjuer med Alinejad p\u00e5 ledarsidan, om hennes kamp mot mullorna, f\u00f6r frihet. Och det inger hopp att se filmklipp d\u00e4r iranier river ner den islamiska republikens flagga, och modiga kvinnor som kastar sl\u00f6jan och dansar \u00f6ppet p\u00e5 gatan. \u00c4r det i \u00e5r det h\u00e4nder?<\/p>\n<p>USA:s attack mot Venezuela kan inte ha undg\u00e5tt n\u00e5gon; om denna finns \u00e5tskilligt att t\u00e4nka. Att Maduro \u00e4r en illegitim president vars maktfr\u00e5ntagande f\u00e5tt m\u00e5nga venezuelaner att k\u00e4nna hopp, \u00e4r en sak. Men USA:s agerande \u2013 de faktiska handlingarna och de argument president Trump och hans n\u00e4rmaste medarbetare har anf\u00f6rt f\u00f6r aktionen, \u00f6ppnar en Pandoras ask vars inneh\u00e5ll det finns sk\u00e4l att r\u00e4das. V\u00e5r huvudledare imorgon handlar om detta.<\/p>\n<p>S\u00e5 var dag \u00e4r en \u00f6desdag. En stilla f\u00f6rhoppning \u00e4r att vi, n\u00e4r vi st\u00e5r inf\u00f6r n\u00e4sta ny\u00e5rsskifte, ska kunna k\u00e4nna att 2026 blev ett \u00e5r d\u00e4r utvecklingen trots mot vad vi k\u00e4nde i b\u00f6rjan av \u00e5ret, blev till det b\u00e4ttre.<\/p>\n","protected":false},"excerpt":{"rendered":"I den svenska inrikeskontexten b\u00f6rjar vi f\u00f6rbereda oss f\u00f6r val\u00e5rets rutiner och ritualer, och till dem h\u00f6r att&hellip;\n","protected":false},"author":2,"featured_media":125558,"comment_status":"","ping_status":"","sticky":false,"template":"","format":"standard","meta":{"footnotes":""},"categories":[12],"tags":[22,23,26,27,17,21,24,25,28,29,15,16,18,34,31,33,32,30,19,20],"class_list":{"0":"post-125557","1":"post","2":"type-post","3":"status-publish","4":"format-standard","5":"has-post-thumbnail","7":"category-sverige","8":"tag-breaking-news","9":"tag-breakingnews","10":"tag-featured-news","11":"tag-featurednews","12":"tag-headlines","13":"tag-huvudnyheter","14":"tag-latest-news","15":"tag-latestnews","16":"tag-main-news","17":"tag-mainnews","18":"tag-news","19":"tag-nyheter","20":"tag-rubriker","21":"tag-se","22":"tag-svenska","23":"tag-sverige","24":"tag-sweden","25":"tag-swedish","26":"tag-top-stories","27":"tag-topstories"},"share_on_mastodon":{"url":"https:\/\/pubeurope.com\/@se\/115838079797882585","error":""},"_links":{"self":[{"href":"https:\/\/www.europesays.com\/se\/wp-json\/wp\/v2\/posts\/125557","targetHints":{"allow":["GET"]}}],"collection":[{"href":"https:\/\/www.europesays.com\/se\/wp-json\/wp\/v2\/posts"}],"about":[{"href":"https:\/\/www.europesays.com\/se\/wp-json\/wp\/v2\/types\/post"}],"author":[{"embeddable":true,"href":"https:\/\/www.europesays.com\/se\/wp-json\/wp\/v2\/users\/2"}],"replies":[{"embeddable":true,"href":"https:\/\/www.europesays.com\/se\/wp-json\/wp\/v2\/comments?post=125557"}],"version-history":[{"count":0,"href":"https:\/\/www.europesays.com\/se\/wp-json\/wp\/v2\/posts\/125557\/revisions"}],"wp:featuredmedia":[{"embeddable":true,"href":"https:\/\/www.europesays.com\/se\/wp-json\/wp\/v2\/media\/125558"}],"wp:attachment":[{"href":"https:\/\/www.europesays.com\/se\/wp-json\/wp\/v2\/media?parent=125557"}],"wp:term":[{"taxonomy":"category","embeddable":true,"href":"https:\/\/www.europesays.com\/se\/wp-json\/wp\/v2\/categories?post=125557"},{"taxonomy":"post_tag","embeddable":true,"href":"https:\/\/www.europesays.com\/se\/wp-json\/wp\/v2\/tags?post=125557"}],"curies":[{"name":"wp","href":"https:\/\/api.w.org\/{rel}","templated":true}]}}