{"id":125559,"date":"2026-01-04T17:46:11","date_gmt":"2026-01-04T17:46:11","guid":{"rendered":"https:\/\/www.europesays.com\/se\/125559\/"},"modified":"2026-01-04T17:46:11","modified_gmt":"2026-01-04T17:46:11","slug":"matt-cairns-lamnar-bjorkloven-flyttar-till-italien","status":"publish","type":"post","link":"https:\/\/www.europesays.com\/se\/125559\/","title":{"rendered":"Matt Cairns l\u00e4mnar Bj\u00f6rkl\u00f6ven \u2013 flyttar till Italien"},"content":{"rendered":"<p>Publicerad 4 jan 2026 kl 15.23Uppdaterad kl 16.11<\/p>\n<p>Matt Cairns l\u00e4mnar Bj\u00f6rkl\u00f6ven.<\/p>\n<p>Klubben tackade av honom under s\u00f6ndagen.<\/p>\n<p>Enligt uppgifter till Expressen \u00e4r han klar f\u00f6r italienska Bolzano.<\/p>\n<p>Senaste sportklippen fr\u00e5n Expressen.<img   alt=\"\"\/><\/p>\n<p>Matt Cairns.<\/p>\n<p>Foto: MICHAEL CAMPANELLA \/ BILDBYR\u00c5N<\/p>\n<p>\u00d6ppna bild i helsk\u00e4rm<\/p>\n<p>Under slutskedet f\u00f6r f\u00f6reg\u00e5ende s\u00e4song v\u00e4rvade <a href=\"https:\/\/www.expressen.se\/tagg\/organization\/bjorkloven\/\" class=\"\" rel=\"nofollow noopener\" target=\"_blank\">Bj\u00f6rkl\u00f6ven<\/a> in backen Matt Cairns. Han h\u00e4mtades d\u00e5 in fr\u00e5n Asiago i Italien.<\/p>\n<p>Idag tackade Bj\u00f6rkl\u00f6ven av honom.<\/p>\n<p>\u2013 Vi har i samr\u00e5d med Matt valt att avsluta hans avtal. Vi \u00f6nskar honom lycka till i hans nya klubb, s\u00e4ger Per Kentt\u00e4.<\/p>\n<p>Enligt vad Expressen erfar s\u00e5 v\u00e4ntar nu Italien p\u00e5 nytt f\u00f6r Cairns. Han \u00e4r klar f\u00f6r italienska storklubben Bolzano. Den nya klubben v\u00e4ntas presentera backen inom kort.<\/p>\n<p><img alt=\"\"\/>Ljudklippet gick inte att spela upp<\/p>\n<p>F\u00f6rs\u00f6k igen senare<\/p>\n","protected":false},"excerpt":{"rendered":"Publicerad 4 jan 2026 kl 15.23Uppdaterad kl 16.11 Matt Cairns l\u00e4mnar Bj\u00f6rkl\u00f6ven. Klubben tackade av honom under s\u00f6ndagen.&hellip;\n","protected":false},"author":2,"featured_media":125560,"comment_status":"","ping_status":"","sticky":false,"template":"","format":"standard","meta":{"footnotes":""},"categories":[5],"tags":[22,23,26,27,17,21,24,25,28,29,15,16,640,641,18,34,130,255,31,33,32,30,19,20],"class_list":{"0":"post-125559","1":"post","2":"type-post","3":"status-publish","4":"format-standard","5":"has-post-thumbnail","7":"category-rubriker","8":"tag-breaking-news","9":"tag-breakingnews","10":"tag-featured-news","11":"tag-featurednews","12":"tag-headlines","13":"tag-huvudnyheter","14":"tag-latest-news","15":"tag-latestnews","16":"tag-main-news","17":"tag-mainnews","18":"tag-news","19":"tag-nyheter","20":"tag-organization-bjorkloven","21":"tag-organization-hockeyallsvenskan","22":"tag-rubriker","23":"tag-se","24":"tag-sections-allsvenskan","25":"tag-sections-ishockey","26":"tag-svenska","27":"tag-sverige","28":"tag-sweden","29":"tag-swedish","30":"tag-top-stories","31":"tag-topstories"},"share_on_mastodon":{"url":"https:\/\/pubeurope.com\/@se\/115838083886115688","error":""},"_links":{"self":[{"href":"https:\/\/www.europesays.com\/se\/wp-json\/wp\/v2\/posts\/125559","targetHints":{"allow":["GET"]}}],"collection":[{"href":"https:\/\/www.europesays.com\/se\/wp-json\/wp\/v2\/posts"}],"about":[{"href":"https:\/\/www.europesays.com\/se\/wp-json\/wp\/v2\/types\/post"}],"author":[{"embeddable":true,"href":"https:\/\/www.europesays.com\/se\/wp-json\/wp\/v2\/users\/2"}],"replies":[{"embeddable":true,"href":"https:\/\/www.europesays.com\/se\/wp-json\/wp\/v2\/comments?post=125559"}],"version-history":[{"count":0,"href":"https:\/\/www.europesays.com\/se\/wp-json\/wp\/v2\/posts\/125559\/revisions"}],"wp:featuredmedia":[{"embeddable":true,"href":"https:\/\/www.europesays.com\/se\/wp-json\/wp\/v2\/media\/125560"}],"wp:attachment":[{"href":"https:\/\/www.europesays.com\/se\/wp-json\/wp\/v2\/media?parent=125559"}],"wp:term":[{"taxonomy":"category","embeddable":true,"href":"https:\/\/www.europesays.com\/se\/wp-json\/wp\/v2\/categories?post=125559"},{"taxonomy":"post_tag","embeddable":true,"href":"https:\/\/www.europesays.com\/se\/wp-json\/wp\/v2\/tags?post=125559"}],"curies":[{"name":"wp","href":"https:\/\/api.w.org\/{rel}","templated":true}]}}