{"id":125567,"date":"2026-01-04T17:54:07","date_gmt":"2026-01-04T17:54:07","guid":{"rendered":"https:\/\/www.europesays.com\/se\/125567\/"},"modified":"2026-01-04T17:54:07","modified_gmt":"2026-01-04T17:54:07","slug":"ljusmanifestation-for-mordade-kvinnor-halls-pa-flera-platser-i-landet","status":"publish","type":"post","link":"https:\/\/www.europesays.com\/se\/125567\/","title":{"rendered":"Ljusmanifestation f\u00f6r m\u00f6rdade kvinnor h\u00e5lls p\u00e5 flera platser i landet"},"content":{"rendered":"<p>Manifestationen inleddes med en tyst minut. Syftet var att uppm\u00e4rksamma v\u00e5ld mot kvinnor, hedra de som mist livet samt att uppm\u00e4rksamma samh\u00e4llets ansvar att f\u00f6rebygga allvarligt v\u00e5ld.<\/p>\n<p>Bakgrunden \u00e4r bland annat mordet p\u00e5 den 25-\u00e5riga kvinnan i R\u00f6nninge, som f\u00f6rsvann efter att ha klivit av pendelt\u00e5get natten mot annandagen och senare hittades d\u00f6d, samt ett mord i Boden d\u00e4r en kvinna d\u00f6dades i sitt hem p\u00e5 juldagen. <\/p>\n<p>Liknande manifestationer genomf\u00f6rs samtidigt p\u00e5 flera platser runt om i landet, i G\u00f6teborg, Malm\u00f6, Boden, Visby, Varberg, V\u00e4rnamo och \u00d6rnsk\u00f6ldsvik.<\/p>\n","protected":false},"excerpt":{"rendered":"Manifestationen inleddes med en tyst minut. Syftet var att uppm\u00e4rksamma v\u00e5ld mot kvinnor, hedra de som mist livet&hellip;\n","protected":false},"author":2,"featured_media":125568,"comment_status":"","ping_status":"","sticky":false,"template":"","format":"standard","meta":{"footnotes":""},"categories":[12],"tags":[22,23,26,27,17,21,24,25,28,29,15,16,18,34,31,33,32,30,19,20],"class_list":{"0":"post-125567","1":"post","2":"type-post","3":"status-publish","4":"format-standard","5":"has-post-thumbnail","7":"category-sverige","8":"tag-breaking-news","9":"tag-breakingnews","10":"tag-featured-news","11":"tag-featurednews","12":"tag-headlines","13":"tag-huvudnyheter","14":"tag-latest-news","15":"tag-latestnews","16":"tag-main-news","17":"tag-mainnews","18":"tag-news","19":"tag-nyheter","20":"tag-rubriker","21":"tag-se","22":"tag-svenska","23":"tag-sverige","24":"tag-sweden","25":"tag-swedish","26":"tag-top-stories","27":"tag-topstories"},"share_on_mastodon":{"url":"https:\/\/pubeurope.com\/@se\/115838115071482001","error":""},"_links":{"self":[{"href":"https:\/\/www.europesays.com\/se\/wp-json\/wp\/v2\/posts\/125567","targetHints":{"allow":["GET"]}}],"collection":[{"href":"https:\/\/www.europesays.com\/se\/wp-json\/wp\/v2\/posts"}],"about":[{"href":"https:\/\/www.europesays.com\/se\/wp-json\/wp\/v2\/types\/post"}],"author":[{"embeddable":true,"href":"https:\/\/www.europesays.com\/se\/wp-json\/wp\/v2\/users\/2"}],"replies":[{"embeddable":true,"href":"https:\/\/www.europesays.com\/se\/wp-json\/wp\/v2\/comments?post=125567"}],"version-history":[{"count":0,"href":"https:\/\/www.europesays.com\/se\/wp-json\/wp\/v2\/posts\/125567\/revisions"}],"wp:featuredmedia":[{"embeddable":true,"href":"https:\/\/www.europesays.com\/se\/wp-json\/wp\/v2\/media\/125568"}],"wp:attachment":[{"href":"https:\/\/www.europesays.com\/se\/wp-json\/wp\/v2\/media?parent=125567"}],"wp:term":[{"taxonomy":"category","embeddable":true,"href":"https:\/\/www.europesays.com\/se\/wp-json\/wp\/v2\/categories?post=125567"},{"taxonomy":"post_tag","embeddable":true,"href":"https:\/\/www.europesays.com\/se\/wp-json\/wp\/v2\/tags?post=125567"}],"curies":[{"name":"wp","href":"https:\/\/api.w.org\/{rel}","templated":true}]}}