{"id":125570,"date":"2026-01-04T17:57:13","date_gmt":"2026-01-04T17:57:13","guid":{"rendered":"https:\/\/www.europesays.com\/se\/125570\/"},"modified":"2026-01-04T17:57:13","modified_gmt":"2026-01-04T17:57:13","slug":"herrarna-foll-borta-mot-malmo","status":"publish","type":"post","link":"https:\/\/www.europesays.com\/se\/125570\/","title":{"rendered":"Herrarna f\u00f6ll borta mot Malm\u00f6"},"content":{"rendered":"<p class=\"paragraph text-left\"> LHC hade en tung match borta mot Malm\u00f6 och f\u00f6rlorade med 0-5 (0-1, 0-4, 0-0) i SHL. <\/p>\n<p class=\"paragraph text-left\"> Malm\u00f6 tog ledningen efter 19.40 genom Axel Sundberg efter pass fr\u00e5n Robin Hanzl och Thomas Berg Paulsen. Efter 8.38 i andra perioden n\u00e4tade Topi Niemel\u00e4 framspelad av Elia Pedrotti och Isac Nilsson och gjorde 2-0. Janne Kuokkanen gjorde dessutom 3-0 efter 11.56 p\u00e5 pass av Robin Salo och Elia Pedrotti. Linus \u00d6berg gjorde dessutom 4-0 efter 12.45 framspelad av Isac Nilsson och Eemil Viro. Efter 17.56 gjorde Janne Kuokkanen ocks\u00e5 5-0 assisterad av Topi Niemel\u00e4 och Axel Sundberg. <\/p>\n<p class=\"paragraph text-left\"> Tredje perioden blev m\u00e5ll\u00f6s och Malm\u00f6 h\u00f6ll i sin 5-0-ledning och vann. Det h\u00e4r betyder att LHC ligger p\u00e5 elfte plats i tabellen och Malm\u00f6 \u00e4r p\u00e5 femte plats. N\u00e4sta motst\u00e5nd f\u00f6r LHC \u00e4r Fr\u00f6lunda. Lagen m\u00f6ts tisdag 6 januari 15.15 i Saab Arena. <\/p>\n<p class=\"paragraph text-left\"> <strong>Malm\u00f6\u2013LHC 5-0 (1-0, 4-0, 0-0)<\/strong> <\/p>\n<p class=\"paragraph text-left\"> <strong>SHL, Malm\u00f6 Arena<\/strong> <\/p>\n<p class=\"paragraph text-left\"> <strong>F\u00f6rsta perioden:<\/strong> 1\u20130 (19.40) Axel Sundberg (Robin Hanzl, Thomas Berg Paulsen). <\/p>\n<p class=\"paragraph text-left\"> <strong>Andra perioden:<\/strong> 2\u20130 (28.38) Topi Niemel\u00e4 (Elia Pedrotti, Isac Nilsson), 3\u20130 (31.56) Janne Kuokkanen (Robin Salo, Elia Pedrotti), 4\u20130 (32.45) Linus \u00d6berg (Isac Nilsson, Eemil Viro), 5\u20130 (37.56) Janne Kuokkanen (Topi Niemel\u00e4, Axel Sundberg). <\/p>\n<p class=\"paragraph text-left\"> <strong>Form senaste fem matcherna (segrar-1 po\u00e4ng-f\u00f6rluster):<\/strong> <\/p>\n<p class=\"paragraph text-left\"> <strong>Malm\u00f6:<\/strong> 3-1-1 <\/p>\n<p class=\"paragraph text-left\"> <strong>LHC:<\/strong> 2-1-2 <\/p>\n<p class=\"paragraph text-left\"> <strong>N\u00e4sta match:<\/strong> <\/p>\n<p class=\"paragraph text-left\"> <strong>LHC:<\/strong> Fr\u00f6lunda HC, hemma, 6 januari 15.15 <\/p>\n<p class=\"paragraph text-left\"> K\u00f6p biljett till n\u00e4sta hemmamatch p\u00e5 <a target=\"_blank\" href=\"https:\/\/www.lhc.eu\/biljett\" rel=\"nofollow noopener\">lhc.eu\/biljett<\/a> <\/p>\n<p class=\"paragraph text-left\"> <a target=\"_blank\" href=\"https:\/\/www.lhc.eu\/game-stats\/overview\" rel=\"nofollow noopener\">Statistik f\u00f6r laget<\/a> <\/p>\n","protected":false},"excerpt":{"rendered":"LHC hade en tung match borta mot Malm\u00f6 och f\u00f6rlorade med 0-5 (0-1, 0-4, 0-0) i SHL. Malm\u00f6&hellip;\n","protected":false},"author":2,"featured_media":125571,"comment_status":"","ping_status":"","sticky":false,"template":"","format":"standard","meta":{"footnotes":""},"categories":[68],"tags":[34,111,110,31,33,32,30],"class_list":{"0":"post-125570","1":"post","2":"type-post","3":"status-publish","4":"format-standard","5":"has-post-thumbnail","7":"category-sport","8":"tag-se","9":"tag-sport","10":"tag-sports","11":"tag-svenska","12":"tag-sverige","13":"tag-sweden","14":"tag-swedish"},"share_on_mastodon":{"url":"https:\/\/pubeurope.com\/@se\/115838126859522921","error":""},"_links":{"self":[{"href":"https:\/\/www.europesays.com\/se\/wp-json\/wp\/v2\/posts\/125570","targetHints":{"allow":["GET"]}}],"collection":[{"href":"https:\/\/www.europesays.com\/se\/wp-json\/wp\/v2\/posts"}],"about":[{"href":"https:\/\/www.europesays.com\/se\/wp-json\/wp\/v2\/types\/post"}],"author":[{"embeddable":true,"href":"https:\/\/www.europesays.com\/se\/wp-json\/wp\/v2\/users\/2"}],"replies":[{"embeddable":true,"href":"https:\/\/www.europesays.com\/se\/wp-json\/wp\/v2\/comments?post=125570"}],"version-history":[{"count":0,"href":"https:\/\/www.europesays.com\/se\/wp-json\/wp\/v2\/posts\/125570\/revisions"}],"wp:featuredmedia":[{"embeddable":true,"href":"https:\/\/www.europesays.com\/se\/wp-json\/wp\/v2\/media\/125571"}],"wp:attachment":[{"href":"https:\/\/www.europesays.com\/se\/wp-json\/wp\/v2\/media?parent=125570"}],"wp:term":[{"taxonomy":"category","embeddable":true,"href":"https:\/\/www.europesays.com\/se\/wp-json\/wp\/v2\/categories?post=125570"},{"taxonomy":"post_tag","embeddable":true,"href":"https:\/\/www.europesays.com\/se\/wp-json\/wp\/v2\/tags?post=125570"}],"curies":[{"name":"wp","href":"https:\/\/api.w.org\/{rel}","templated":true}]}}