{"id":125574,"date":"2026-01-04T18:03:25","date_gmt":"2026-01-04T18:03:25","guid":{"rendered":"https:\/\/www.europesays.com\/se\/125574\/"},"modified":"2026-01-04T18:03:25","modified_gmt":"2026-01-04T18:03:25","slug":"historisk-vinst-for-johannes-hosflot-klabo-i-tour-de-ski-langdskidor","status":"publish","type":"post","link":"https:\/\/www.europesays.com\/se\/125574\/","title":{"rendered":"Historisk vinst f\u00f6r Johannes H\u00f6sflot Kl\u00e4bo i Tour de ski | L\u00e4ngdskidor"},"content":{"rendered":"<p>Publicerad 4 jan 2026 kl 12.06Uppdaterad kl 14.43<\/p>\n<p>Den sista dagen av Tour de ski bj\u00f6d p\u00e5 masstart.<\/p>\n<p>D\u00e5 blev Johannes H\u00f6sflot Kl\u00e4bo historisk.<\/p>\n<p>Han vann totalen i Tour de ski f\u00f6r femte g\u00e5ngen i karri\u00e4ren.<\/p>\n<p>\u2013 Johannes har kontroll p\u00e5 l\u00e4get, s\u00e4ger den norske tr\u00e4naren Arild Monsen.<\/p>\n<p><img   alt=\"\"\/><\/p>\n<p>Kl\u00e4bo vann Tour de ski f\u00f6r femte g\u00e5ngen i karri\u00e4ren.<\/p>\n<p>Foto: ELENA PRATI \/ STELLA PICTURES<\/p>\n<p>\u00d6ppna bild i helsk\u00e4rm<\/p>\n<p>Under den sista etappens masstart kl\u00e4ttrade herrarna uppf\u00f6r Alpe Cermis.<\/p>\n<p>\u00c5karna praktiskt taget gick uppf\u00f6r den branta backen.<\/p>\n<p>F\u00f6rst i m\u00e5l var norrmannen Mattis Stenshagen, t\u00e4tt f\u00f6ljd av Jules Lapierre. Emil Iversen blev trea.<\/p>\n<p>\u2013 Det h\u00e4r \u00e4r sinnessjukt. Jag \u00e4r chockad. Jag \u00e4r s\u00e5 stolt \u00f6ver mig sj\u00e4lv, s\u00e4ger Iversen efter loppet.<\/p>\n<p><strong>N\u00e4r f\u00f6rstod du att det skulle bli pallen?<\/strong><\/p>\n<p>\u2013 Kanske n\u00e4r det var 20 meter kvar. Jag hade energi och bara hoppade fram.<\/p>\n<p>\u00c4ven den norska tr\u00e4naren Arild Monsen var rej\u00e4lt \u00f6verraskad.<\/p>\n<p>\u2013 Det \u00e4r helt vansinnigt av Emil och Mattis. Mattis vet egentligen inte hur han ska klara det, men g\u00f6r det, s\u00e4ger han.<\/p>\n<p>Ryska Savelij Korostelev var p\u00e5 v\u00e4g mot en pallplats \u2013 men fick till slut se sig besegrad och slutade fyra.<\/p>\n<p>Kl\u00e4bo historisk<\/p>\n<p>Efter loppet stod det klart att Johannes H\u00f6sflot Kl\u00e4bo blir historisk med sin femte totalseger i Tour de ski n\u00e5gonsin. Ingen annan \u00e5kare har vunnit lika m\u00e5nga.<\/p>\n<p>Men i den sista etappens kl\u00e4ttring var den norske storstj\u00e4rnan omkring en minut efter segrande Stenshagen.<\/p>\n<p>\u2013 Johannes har kontroll p\u00e5 l\u00e4get, \u00e4ven om sekunderna rinner i v\u00e4g ett tag, s\u00e4ger Arild Monsen, tr\u00e4nare.<\/p>\n<p>Svensken blir OS-kandidat<\/p>\n<p>B\u00e4ste svensk i Tour de ski-sammandraget blir Edvin Anger, som slutar p\u00e5 en tolfteplats.<\/p>\n<p>Truls Gisselman slutar p\u00e5 en 19:e plats medan William Poromaa blir 23:a.<\/p>\n<p>Sveriges herrtr\u00e4nare Anders H\u00f6gberg avsl\u00f6jar efter loppet att Gisselman seglat upp som en tydlig OS-kandidat.<\/p>\n<p>\u2013 Han \u00e4r tillbaka d\u00e4r han ska vara &#8211; och nu \u00e4r han helt klart aktuell f\u00f6r OS, s\u00e4ger tr\u00e4naren.<\/p>\n","protected":false},"excerpt":{"rendered":"Publicerad 4 jan 2026 kl 12.06Uppdaterad kl 14.43 Den sista dagen av Tour de ski bj\u00f6d p\u00e5 masstart.&hellip;\n","protected":false},"author":2,"featured_media":125575,"comment_status":"","ping_status":"","sticky":false,"template":"","format":"standard","meta":{"footnotes":""},"categories":[5],"tags":[22,23,26,27,17,21,24,25,28,29,15,16,18,34,857,31,33,32,30,19,20],"class_list":{"0":"post-125574","1":"post","2":"type-post","3":"status-publish","4":"format-standard","5":"has-post-thumbnail","7":"category-rubriker","8":"tag-breaking-news","9":"tag-breakingnews","10":"tag-featured-news","11":"tag-featurednews","12":"tag-headlines","13":"tag-huvudnyheter","14":"tag-latest-news","15":"tag-latestnews","16":"tag-main-news","17":"tag-mainnews","18":"tag-news","19":"tag-nyheter","20":"tag-rubriker","21":"tag-se","22":"tag-sections-langdskidor","23":"tag-svenska","24":"tag-sverige","25":"tag-sweden","26":"tag-swedish","27":"tag-top-stories","28":"tag-topstories"},"share_on_mastodon":{"url":"https:\/\/pubeurope.com\/@se\/115838150455739009","error":""},"_links":{"self":[{"href":"https:\/\/www.europesays.com\/se\/wp-json\/wp\/v2\/posts\/125574","targetHints":{"allow":["GET"]}}],"collection":[{"href":"https:\/\/www.europesays.com\/se\/wp-json\/wp\/v2\/posts"}],"about":[{"href":"https:\/\/www.europesays.com\/se\/wp-json\/wp\/v2\/types\/post"}],"author":[{"embeddable":true,"href":"https:\/\/www.europesays.com\/se\/wp-json\/wp\/v2\/users\/2"}],"replies":[{"embeddable":true,"href":"https:\/\/www.europesays.com\/se\/wp-json\/wp\/v2\/comments?post=125574"}],"version-history":[{"count":0,"href":"https:\/\/www.europesays.com\/se\/wp-json\/wp\/v2\/posts\/125574\/revisions"}],"wp:featuredmedia":[{"embeddable":true,"href":"https:\/\/www.europesays.com\/se\/wp-json\/wp\/v2\/media\/125575"}],"wp:attachment":[{"href":"https:\/\/www.europesays.com\/se\/wp-json\/wp\/v2\/media?parent=125574"}],"wp:term":[{"taxonomy":"category","embeddable":true,"href":"https:\/\/www.europesays.com\/se\/wp-json\/wp\/v2\/categories?post=125574"},{"taxonomy":"post_tag","embeddable":true,"href":"https:\/\/www.europesays.com\/se\/wp-json\/wp\/v2\/tags?post=125574"}],"curies":[{"name":"wp","href":"https:\/\/api.w.org\/{rel}","templated":true}]}}