{"id":125578,"date":"2026-01-04T18:05:07","date_gmt":"2026-01-04T18:05:07","guid":{"rendered":"https:\/\/www.europesays.com\/se\/125578\/"},"modified":"2026-01-04T18:05:07","modified_gmt":"2026-01-04T18:05:07","slug":"hv71-foll-mot-farjestad","status":"publish","type":"post","link":"https:\/\/www.europesays.com\/se\/125578\/","title":{"rendered":"HV71 f\u00f6ll mot F\u00e4rjestad"},"content":{"rendered":"<p class=\"paragraph text-left\"> I den f\u00f6rsta perioden hade HV71 mycket puck, men det var F\u00e4rjestad som tog ledningen n\u00e5gra minuter in i perioden. HV71 f\u00f6rs\u00f6kte f\u00e5 utdelning i anfallszon, men perioden slutade 1\u20130. <\/p>\n<p class=\"paragraph text-left\"> Den andra perioden blev m\u00e5ll\u00f6s. B\u00e5da lagen skapade chanser, men HV71 fick inte in pucken bakom F\u00e4rjestads m\u00e5lvakt. <\/p>\n<p class=\"paragraph text-left\"> I den tredje perioden \u00f6kade HV71 trycket och kvitterade till 1\u20131 i slutminuterna genom Adriana Van De Leest i powerplay. Kvitteringen blev dock kortvarig. F\u00e4rjestad tog snabbt tillbaka ledningen och gjorde \u00e4ven 3\u20131 strax d\u00e4refter. Matchen slutade 3\u20131 till F\u00e4rjestad. <\/p>\n<p class=\"paragraph text-left\"> M\u00e5len\u00a0 <\/p>\n<p class=\"paragraph text-left\"> <strong>Period 1\u00a0<\/strong> <\/p>\n<p class=\"paragraph text-left\"> 07:45, 1-0, FBK &#8211; Julie Gough\u00a0 <\/p>\n<p class=\"paragraph text-left\"> <strong>Period 2\u00a0<\/strong> <\/p>\n<p class=\"paragraph text-left\"> <strong>Period 3<\/strong> <\/p>\n<p class=\"paragraph text-left\"> 54:23, 1-1, HV71 &#8211; Adriana Van De Leest PP <\/p>\n<p class=\"paragraph text-left\"> 55:53, 2-1, FBK &#8211; Kelly Babstock (Tendenes)\u00a0 <\/p>\n<p class=\"paragraph text-left\"> 56:53, 3-1, FBK &#8211; Michelle L\u00f6wenhielm <\/p>\n<p class=\"paragraph text-left\"> <strong>Skott<\/strong>: 22 (FBK) &#8211; 25 (HV71)\u00a0 <\/p>\n<p class=\"paragraph text-left\"> <strong>Publik<\/strong>: 133 <\/p>\n","protected":false},"excerpt":{"rendered":"I den f\u00f6rsta perioden hade HV71 mycket puck, men det var F\u00e4rjestad som tog ledningen n\u00e5gra minuter in&hellip;\n","protected":false},"author":2,"featured_media":125579,"comment_status":"","ping_status":"","sticky":false,"template":"","format":"standard","meta":{"footnotes":""},"categories":[68],"tags":[34,111,110,31,33,32,30],"class_list":{"0":"post-125578","1":"post","2":"type-post","3":"status-publish","4":"format-standard","5":"has-post-thumbnail","7":"category-sport","8":"tag-se","9":"tag-sport","10":"tag-sports","11":"tag-svenska","12":"tag-sverige","13":"tag-sweden","14":"tag-swedish"},"share_on_mastodon":{"url":"https:\/\/pubeurope.com\/@se\/115838158298494172","error":""},"_links":{"self":[{"href":"https:\/\/www.europesays.com\/se\/wp-json\/wp\/v2\/posts\/125578","targetHints":{"allow":["GET"]}}],"collection":[{"href":"https:\/\/www.europesays.com\/se\/wp-json\/wp\/v2\/posts"}],"about":[{"href":"https:\/\/www.europesays.com\/se\/wp-json\/wp\/v2\/types\/post"}],"author":[{"embeddable":true,"href":"https:\/\/www.europesays.com\/se\/wp-json\/wp\/v2\/users\/2"}],"replies":[{"embeddable":true,"href":"https:\/\/www.europesays.com\/se\/wp-json\/wp\/v2\/comments?post=125578"}],"version-history":[{"count":0,"href":"https:\/\/www.europesays.com\/se\/wp-json\/wp\/v2\/posts\/125578\/revisions"}],"wp:featuredmedia":[{"embeddable":true,"href":"https:\/\/www.europesays.com\/se\/wp-json\/wp\/v2\/media\/125579"}],"wp:attachment":[{"href":"https:\/\/www.europesays.com\/se\/wp-json\/wp\/v2\/media?parent=125578"}],"wp:term":[{"taxonomy":"category","embeddable":true,"href":"https:\/\/www.europesays.com\/se\/wp-json\/wp\/v2\/categories?post=125578"},{"taxonomy":"post_tag","embeddable":true,"href":"https:\/\/www.europesays.com\/se\/wp-json\/wp\/v2\/tags?post=125578"}],"curies":[{"name":"wp","href":"https:\/\/api.w.org\/{rel}","templated":true}]}}