{"id":125580,"date":"2026-01-04T18:10:35","date_gmt":"2026-01-04T18:10:35","guid":{"rendered":"https:\/\/www.europesays.com\/se\/125580\/"},"modified":"2026-01-04T18:10:35","modified_gmt":"2026-01-04T18:10:35","slug":"kritik-mot-snorojning-i-visby","status":"publish","type":"post","link":"https:\/\/www.europesays.com\/se\/125580\/","title":{"rendered":"Kritik mot sn\u00f6r\u00f6jning i Visby"},"content":{"rendered":"<p>Det f\u00f6ll en hel del sn\u00f6 \u00f6ver Gotland p\u00e5 ny\u00e5rsdagen, men eftersom temperaturen l\u00e5g en bit \u00f6ver nollan under stora delar av dagen blev det slaskigt och sp\u00e5rigt p\u00e5 s\u00e5v\u00e4l bilv\u00e4garna som g\u00e5ng-och cykelv\u00e4garna.P\u00e5 flera h\u00e5ll i Visby r\u00f6jdes inte den bl\u00f6ta sn\u00f6n bort, och n\u00e4r den sedan fr\u00f6s p\u00e5 under natten mot fredagen blev det problematiskt att ta sig fram, inte minst f\u00f6r cykl<\/p>\n","protected":false},"excerpt":{"rendered":"Det f\u00f6ll en hel del sn\u00f6 \u00f6ver Gotland p\u00e5 ny\u00e5rsdagen, men eftersom temperaturen l\u00e5g en bit \u00f6ver nollan&hellip;\n","protected":false},"author":2,"featured_media":125581,"comment_status":"","ping_status":"","sticky":false,"template":"","format":"standard","meta":{"footnotes":""},"categories":[12],"tags":[22,23,26,27,17,21,24,25,28,29,15,16,18,34,31,33,32,30,19,20],"class_list":{"0":"post-125580","1":"post","2":"type-post","3":"status-publish","4":"format-standard","5":"has-post-thumbnail","7":"category-sverige","8":"tag-breaking-news","9":"tag-breakingnews","10":"tag-featured-news","11":"tag-featurednews","12":"tag-headlines","13":"tag-huvudnyheter","14":"tag-latest-news","15":"tag-latestnews","16":"tag-main-news","17":"tag-mainnews","18":"tag-news","19":"tag-nyheter","20":"tag-rubriker","21":"tag-se","22":"tag-svenska","23":"tag-sverige","24":"tag-sweden","25":"tag-swedish","26":"tag-top-stories","27":"tag-topstories"},"share_on_mastodon":{"url":"https:\/\/pubeurope.com\/@se\/115838177972143251","error":""},"_links":{"self":[{"href":"https:\/\/www.europesays.com\/se\/wp-json\/wp\/v2\/posts\/125580","targetHints":{"allow":["GET"]}}],"collection":[{"href":"https:\/\/www.europesays.com\/se\/wp-json\/wp\/v2\/posts"}],"about":[{"href":"https:\/\/www.europesays.com\/se\/wp-json\/wp\/v2\/types\/post"}],"author":[{"embeddable":true,"href":"https:\/\/www.europesays.com\/se\/wp-json\/wp\/v2\/users\/2"}],"replies":[{"embeddable":true,"href":"https:\/\/www.europesays.com\/se\/wp-json\/wp\/v2\/comments?post=125580"}],"version-history":[{"count":0,"href":"https:\/\/www.europesays.com\/se\/wp-json\/wp\/v2\/posts\/125580\/revisions"}],"wp:featuredmedia":[{"embeddable":true,"href":"https:\/\/www.europesays.com\/se\/wp-json\/wp\/v2\/media\/125581"}],"wp:attachment":[{"href":"https:\/\/www.europesays.com\/se\/wp-json\/wp\/v2\/media?parent=125580"}],"wp:term":[{"taxonomy":"category","embeddable":true,"href":"https:\/\/www.europesays.com\/se\/wp-json\/wp\/v2\/categories?post=125580"},{"taxonomy":"post_tag","embeddable":true,"href":"https:\/\/www.europesays.com\/se\/wp-json\/wp\/v2\/tags?post=125580"}],"curies":[{"name":"wp","href":"https:\/\/api.w.org\/{rel}","templated":true}]}}