{"id":125582,"date":"2026-01-04T18:11:18","date_gmt":"2026-01-04T18:11:18","guid":{"rendered":"https:\/\/www.europesays.com\/se\/125582\/"},"modified":"2026-01-04T18:11:18","modified_gmt":"2026-01-04T18:11:18","slug":"elin-wistrom-fristedt-startar-fotoforetag","status":"publish","type":"post","link":"https:\/\/www.europesays.com\/se\/125582\/","title":{"rendered":"Elin Wistr\u00f6m Fristedt startar fotof\u00f6retag"},"content":{"rendered":"<p>Redan n\u00e4r hon gick p\u00e5 h\u00f6gstadiet k\u00f6pte Elin sin f\u00f6rsta systemkamera. Hon minns hur hon byggde upp sm\u00e5 milj\u00f6er hemma i sitt rum f\u00f6r att fotografera, och hur hon satt vid datorn och experimenterade med Photoshop. P\u00e5 gymnasiet fick hon \u00e4gna \u00e4nnu mer tid \u00e5t sitt intresse p\u00e5 mediaprogrammet, d\u00e4r hon bland annat l\u00e4ste \u00e4mnet fotografisk bild.Efter gymnasiet blev fotograferan<\/p>\n","protected":false},"excerpt":{"rendered":"Redan n\u00e4r hon gick p\u00e5 h\u00f6gstadiet k\u00f6pte Elin sin f\u00f6rsta systemkamera. Hon minns hur hon byggde upp sm\u00e5&hellip;\n","protected":false},"author":2,"featured_media":125583,"comment_status":"","ping_status":"","sticky":false,"template":"","format":"standard","meta":{"footnotes":""},"categories":[5],"tags":[22,23,26,27,17,21,24,25,28,29,15,16,18,34,31,33,32,30,19,20],"class_list":{"0":"post-125582","1":"post","2":"type-post","3":"status-publish","4":"format-standard","5":"has-post-thumbnail","7":"category-rubriker","8":"tag-breaking-news","9":"tag-breakingnews","10":"tag-featured-news","11":"tag-featurednews","12":"tag-headlines","13":"tag-huvudnyheter","14":"tag-latest-news","15":"tag-latestnews","16":"tag-main-news","17":"tag-mainnews","18":"tag-news","19":"tag-nyheter","20":"tag-rubriker","21":"tag-se","22":"tag-svenska","23":"tag-sverige","24":"tag-sweden","25":"tag-swedish","26":"tag-top-stories","27":"tag-topstories"},"share_on_mastodon":{"url":"https:\/\/pubeurope.com\/@se\/115838181868268327","error":""},"_links":{"self":[{"href":"https:\/\/www.europesays.com\/se\/wp-json\/wp\/v2\/posts\/125582","targetHints":{"allow":["GET"]}}],"collection":[{"href":"https:\/\/www.europesays.com\/se\/wp-json\/wp\/v2\/posts"}],"about":[{"href":"https:\/\/www.europesays.com\/se\/wp-json\/wp\/v2\/types\/post"}],"author":[{"embeddable":true,"href":"https:\/\/www.europesays.com\/se\/wp-json\/wp\/v2\/users\/2"}],"replies":[{"embeddable":true,"href":"https:\/\/www.europesays.com\/se\/wp-json\/wp\/v2\/comments?post=125582"}],"version-history":[{"count":0,"href":"https:\/\/www.europesays.com\/se\/wp-json\/wp\/v2\/posts\/125582\/revisions"}],"wp:featuredmedia":[{"embeddable":true,"href":"https:\/\/www.europesays.com\/se\/wp-json\/wp\/v2\/media\/125583"}],"wp:attachment":[{"href":"https:\/\/www.europesays.com\/se\/wp-json\/wp\/v2\/media?parent=125582"}],"wp:term":[{"taxonomy":"category","embeddable":true,"href":"https:\/\/www.europesays.com\/se\/wp-json\/wp\/v2\/categories?post=125582"},{"taxonomy":"post_tag","embeddable":true,"href":"https:\/\/www.europesays.com\/se\/wp-json\/wp\/v2\/tags?post=125582"}],"curies":[{"name":"wp","href":"https:\/\/api.w.org\/{rel}","templated":true}]}}