{"id":125588,"date":"2026-01-04T18:18:33","date_gmt":"2026-01-04T18:18:33","guid":{"rendered":"https:\/\/www.europesays.com\/se\/125588\/"},"modified":"2026-01-04T18:18:33","modified_gmt":"2026-01-04T18:18:33","slug":"hunden-doris-bortskramd-av-raketer-i-nyland","status":"publish","type":"post","link":"https:\/\/www.europesays.com\/se\/125588\/","title":{"rendered":"Hunden Doris bortskr\u00e4md av raketer i Nyland"},"content":{"rendered":"<p>Hunden Doris sprang bort p\u00e5 ny\u00e5rsafton efter att ha blivit skr\u00e4md av ny\u00e5rsraketer i grannskapet. Hon sprang ut ur huset samtidigt som familjen var p\u00e5 v\u00e4g in efter en korvgrillning p\u00e5 tomten.\u2013 Hon smet ut genom d\u00f6rren och kutade rakt ut i skogen, ber\u00e4ttar \u00e4garen Sofia Viklund.Sofia har f\u00e5tt hj\u00e4lp av v\u00e4nner, sl\u00e4ktingar och andra frivilliga i Nyland Varutr\u00e4sk som har let<\/p>\n","protected":false},"excerpt":{"rendered":"Hunden Doris sprang bort p\u00e5 ny\u00e5rsafton efter att ha blivit skr\u00e4md av ny\u00e5rsraketer i grannskapet. Hon sprang ut&hellip;\n","protected":false},"author":2,"featured_media":125589,"comment_status":"","ping_status":"","sticky":false,"template":"","format":"standard","meta":{"footnotes":""},"categories":[12],"tags":[22,23,26,27,17,21,24,25,28,29,15,16,18,34,31,33,32,30,19,20],"class_list":{"0":"post-125588","1":"post","2":"type-post","3":"status-publish","4":"format-standard","5":"has-post-thumbnail","7":"category-sverige","8":"tag-breaking-news","9":"tag-breakingnews","10":"tag-featured-news","11":"tag-featurednews","12":"tag-headlines","13":"tag-huvudnyheter","14":"tag-latest-news","15":"tag-latestnews","16":"tag-main-news","17":"tag-mainnews","18":"tag-news","19":"tag-nyheter","20":"tag-rubriker","21":"tag-se","22":"tag-svenska","23":"tag-sverige","24":"tag-sweden","25":"tag-swedish","26":"tag-top-stories","27":"tag-topstories"},"share_on_mastodon":{"url":"https:\/\/pubeurope.com\/@se\/115838209431366946","error":""},"_links":{"self":[{"href":"https:\/\/www.europesays.com\/se\/wp-json\/wp\/v2\/posts\/125588","targetHints":{"allow":["GET"]}}],"collection":[{"href":"https:\/\/www.europesays.com\/se\/wp-json\/wp\/v2\/posts"}],"about":[{"href":"https:\/\/www.europesays.com\/se\/wp-json\/wp\/v2\/types\/post"}],"author":[{"embeddable":true,"href":"https:\/\/www.europesays.com\/se\/wp-json\/wp\/v2\/users\/2"}],"replies":[{"embeddable":true,"href":"https:\/\/www.europesays.com\/se\/wp-json\/wp\/v2\/comments?post=125588"}],"version-history":[{"count":0,"href":"https:\/\/www.europesays.com\/se\/wp-json\/wp\/v2\/posts\/125588\/revisions"}],"wp:featuredmedia":[{"embeddable":true,"href":"https:\/\/www.europesays.com\/se\/wp-json\/wp\/v2\/media\/125589"}],"wp:attachment":[{"href":"https:\/\/www.europesays.com\/se\/wp-json\/wp\/v2\/media?parent=125588"}],"wp:term":[{"taxonomy":"category","embeddable":true,"href":"https:\/\/www.europesays.com\/se\/wp-json\/wp\/v2\/categories?post=125588"},{"taxonomy":"post_tag","embeddable":true,"href":"https:\/\/www.europesays.com\/se\/wp-json\/wp\/v2\/tags?post=125588"}],"curies":[{"name":"wp","href":"https:\/\/api.w.org\/{rel}","templated":true}]}}