{"id":125590,"date":"2026-01-04T18:19:08","date_gmt":"2026-01-04T18:19:08","guid":{"rendered":"https:\/\/www.europesays.com\/se\/125590\/"},"modified":"2026-01-04T18:19:08","modified_gmt":"2026-01-04T18:19:08","slug":"amorim-ryter-kom-inte-hit-for-att-vara-tranare-premier-league","status":"publish","type":"post","link":"https:\/\/www.europesays.com\/se\/125590\/","title":{"rendered":"Amorim ryter: &#8221;Kom inte hit f\u00f6r att vara tr\u00e4nare&#8221; &#8211; Premier League"},"content":{"rendered":"<p>Manchester United g\u00e5r knackigt och under s\u00f6ndagen blev det 1-1 mot Leeds.  Det g\u00f6r Ruben Amorim till en pressad man. Igen. <\/p>\n<p>Direkt efter slutsignalen antydde portugisen missn\u00f6je med sin roll och titel.<\/p>\n<p>&#8211; Jag vill bara s\u00e4ga att jag \u00e4r manager \u00f6ver det h\u00e4r laget och inte bara tr\u00e4nare. Jag vill vara v\u00e4ldigt tydlig med det. Det kommer att ta slut om 18 m\u00e5nader och sedan kommer alla att g\u00e5 vidare. Det var \u00f6verenskommelsen. Det \u00e4r mitt jobb, att inte bara vara tr\u00e4nare. Om folk inte kan hantera kritik fr\u00e5n Gary Neville och alla andra s\u00e5 m\u00e5ste klubben genomf\u00f6ra en f\u00f6r\u00e4ndring, s\u00e4ger Amorim enligt The Sun-journalisten Samuel Luckhurst, som bevakar Man United p\u00e5 n\u00e4ra h\u00e5ll, och flera andra medier.<\/p>\n<p>Manager g\u00e5r att likna med att Amorim \u00e4r chef \u00f6ver A-laget och inte bara dess tr\u00e4nare. Vanligtvis har en manager ocks\u00e5 inflytande \u00f6ver exempelvis v\u00e4rvningar.<\/p>\n<p>Tyrone Marshall p\u00e5 lokaltidningen Manchester Evening News tolkar utspelet som att Amorim \u00e4r missn\u00f6jd med att bara vara just tr\u00e4nare, och att 40-\u00e5ringen vill ha mer att s\u00e4ga till om. <\/p>\n<p>Enligt ESPN-journalisten Mark Ogden \u00e4r Amorims faktiska titel &#8221;huvudtr\u00e4nare&#8221; och inte manager. <\/p>\n<p>&#8211; Jag vet att mitt namn inte \u00e4r Tuchel, det \u00e4r inte Conte och det \u00e4r inte Mourinho. Men jag kommer att vara manager i Manchester United. S\u00e5 kommer det att vara i 18 m\u00e5nader till eller n\u00e4r styrelsen beslutar sig f\u00f6r en f\u00f6r\u00e4ndring, s\u00e4ger Amorim och forts\u00e4tter:<\/p>\n<p>&#8211; Alla avdelningar: scoutingavdelningen, sportchefen &#8211; de beh\u00f6ver g\u00f6ra sina jobb. Jag kommer att g\u00f6ra mitt i 18 m\u00e5nader och sedan g\u00e5r vi vidare, avslutar portugisen kryptiskt. <\/p>\n<p>Enligt Talksport finns det en friktion mellan Amorim och sportchefen Jason Wilcox. Wilcox ska ha uttryckt att han vill att Amorim ska anpassa sig mer taktiskt samtidigt som portugisen ocks\u00e5 ska ha f\u00e5tt till se att v\u00e4rvningar i transferf\u00f6nstret \u00e4r avl\u00e4gsna.<\/p>\n<p>Amorims kontrakt med Manchester United str\u00e4cker sig till sommaren 2027.<\/p>\n","protected":false},"excerpt":{"rendered":"Manchester United g\u00e5r knackigt och under s\u00f6ndagen blev det 1-1 mot Leeds. Det g\u00f6r Ruben Amorim till en&hellip;\n","protected":false},"author":2,"featured_media":125591,"comment_status":"","ping_status":"","sticky":false,"template":"","format":"standard","meta":{"footnotes":""},"categories":[5],"tags":[22,23,26,27,17,21,24,25,28,29,15,16,18,34,31,33,32,30,19,20],"class_list":{"0":"post-125590","1":"post","2":"type-post","3":"status-publish","4":"format-standard","5":"has-post-thumbnail","7":"category-rubriker","8":"tag-breaking-news","9":"tag-breakingnews","10":"tag-featured-news","11":"tag-featurednews","12":"tag-headlines","13":"tag-huvudnyheter","14":"tag-latest-news","15":"tag-latestnews","16":"tag-main-news","17":"tag-mainnews","18":"tag-news","19":"tag-nyheter","20":"tag-rubriker","21":"tag-se","22":"tag-svenska","23":"tag-sverige","24":"tag-sweden","25":"tag-swedish","26":"tag-top-stories","27":"tag-topstories"},"share_on_mastodon":{"url":"https:\/\/pubeurope.com\/@se\/115838213312422228","error":""},"_links":{"self":[{"href":"https:\/\/www.europesays.com\/se\/wp-json\/wp\/v2\/posts\/125590","targetHints":{"allow":["GET"]}}],"collection":[{"href":"https:\/\/www.europesays.com\/se\/wp-json\/wp\/v2\/posts"}],"about":[{"href":"https:\/\/www.europesays.com\/se\/wp-json\/wp\/v2\/types\/post"}],"author":[{"embeddable":true,"href":"https:\/\/www.europesays.com\/se\/wp-json\/wp\/v2\/users\/2"}],"replies":[{"embeddable":true,"href":"https:\/\/www.europesays.com\/se\/wp-json\/wp\/v2\/comments?post=125590"}],"version-history":[{"count":0,"href":"https:\/\/www.europesays.com\/se\/wp-json\/wp\/v2\/posts\/125590\/revisions"}],"wp:featuredmedia":[{"embeddable":true,"href":"https:\/\/www.europesays.com\/se\/wp-json\/wp\/v2\/media\/125591"}],"wp:attachment":[{"href":"https:\/\/www.europesays.com\/se\/wp-json\/wp\/v2\/media?parent=125590"}],"wp:term":[{"taxonomy":"category","embeddable":true,"href":"https:\/\/www.europesays.com\/se\/wp-json\/wp\/v2\/categories?post=125590"},{"taxonomy":"post_tag","embeddable":true,"href":"https:\/\/www.europesays.com\/se\/wp-json\/wp\/v2\/tags?post=125590"}],"curies":[{"name":"wp","href":"https:\/\/api.w.org\/{rel}","templated":true}]}}