{"id":125596,"date":"2026-01-04T18:27:12","date_gmt":"2026-01-04T18:27:12","guid":{"rendered":"https:\/\/www.europesays.com\/se\/125596\/"},"modified":"2026-01-04T18:27:12","modified_gmt":"2026-01-04T18:27:12","slug":"ordet-om-gronland-bor-ses-som-ett-hot","status":"publish","type":"post","link":"https:\/\/www.europesays.com\/se\/125596\/","title":{"rendered":"Ordet om Gr\u00f6nland b\u00f6r ses som ett hot"},"content":{"rendered":"<p>Katie Millers inl\u00e4gg med en bild av Gr\u00f6nland t\u00e4ckt av en amerikansk flagga och ordet \u201dsnart\u201d b\u00f6r ses som ett hot. Det s\u00e4ger Rasmus Brun Pedersen, docent i internationella studier vid Aarhus universitet, till danska TV2.<\/p>\n<p>\u2013 Jag tycker att det tydligt b\u00f6r ses som ett hot. Det \u00e4r ett tecken p\u00e5 att det finns krafter n\u00e4ra presidenten som arbetar f\u00f6r att utvidga det amerikanska territoriet p\u00e5 v\u00e5r bekostnad, s\u00e4ger han.<\/p>\n<p>Katie Miller var tidigare vice pressekreterare \u00e5t Donald Trump och \u00e4r gift med Trumps r\u00e5dgivare Stephen Miller.<\/p>\n<p>Christian Friis Bach, ordf\u00f6rande f\u00f6r det danska f\u00f6rsvarsutskottet, s\u00e4ger att det \u00e4r uppenbart att krafter inom Magar\u00f6relsen vill anv\u00e4nda attacken mot Venezuela f\u00f6r att s\u00e4tta press p\u00e5 Gr\u00f6nland, men till\u00e4gger:<\/p>\n<p>\u2013 Det som h\u00e4nde i Venezuela riktar sig mot en olaglig president som \u00e4r anklagad f\u00f6r brott. Gr\u00f6nland \u00e4r ett demokratiskt och v\u00e4lfungerande land.<\/p>\n<p>Omni \u00e4r politiskt obundna och oberoende. Vi str\u00e4var efter att ge fler perspektiv p\u00e5 nyheterna. Har du fr\u00e5gor eller synpunkter kring v\u00e5r rapportering? <a href=\"https:\/\/omni.se\/experten-ordet-om-gronland-bor-ses-som-ett-hot\/a\/mailto:redaktion@omni.se\" class=\"ArticleActions_contactLink__W2F1M\" rel=\"nofollow noopener\" target=\"_blank\">Kontakta redaktionen<\/a><\/p>\n","protected":false},"excerpt":{"rendered":"Katie Millers inl\u00e4gg med en bild av Gr\u00f6nland t\u00e4ckt av en amerikansk flagga och ordet \u201dsnart\u201d b\u00f6r ses&hellip;\n","protected":false},"author":2,"featured_media":125597,"comment_status":"","ping_status":"","sticky":false,"template":"","format":"standard","meta":{"footnotes":""},"categories":[5],"tags":[22,23,1205,385,267,26,27,2161,17,21,24,25,708,28,29,15,268,16,18,34,13091,31,33,32,30,19,20,74,13061,2545],"class_list":{"0":"post-125596","1":"post","2":"type-post","3":"status-publish","4":"format-standard","5":"has-post-thumbnail","7":"category-rubriker","8":"tag-breaking-news","9":"tag-breakingnews","10":"tag-danmark","11":"tag-donald-trump","12":"tag-europa","13":"tag-featured-news","14":"tag-featurednews","15":"tag-gronland","16":"tag-headlines","17":"tag-huvudnyheter","18":"tag-latest-news","19":"tag-latestnews","20":"tag-latinamerika","21":"tag-main-news","22":"tag-mainnews","23":"tag-news","24":"tag-nordamerika","25":"tag-nyheter","26":"tag-rubriker","27":"tag-se","28":"tag-stephen-miller","29":"tag-svenska","30":"tag-sverige","31":"tag-sweden","32":"tag-swedish","33":"tag-top-stories","34":"tag-topstories","35":"tag-usa","36":"tag-usa-vs-venezuela","37":"tag-venezuela"},"share_on_mastodon":{"url":"https:\/\/pubeurope.com\/@se\/115838244812397786","error":""},"_links":{"self":[{"href":"https:\/\/www.europesays.com\/se\/wp-json\/wp\/v2\/posts\/125596","targetHints":{"allow":["GET"]}}],"collection":[{"href":"https:\/\/www.europesays.com\/se\/wp-json\/wp\/v2\/posts"}],"about":[{"href":"https:\/\/www.europesays.com\/se\/wp-json\/wp\/v2\/types\/post"}],"author":[{"embeddable":true,"href":"https:\/\/www.europesays.com\/se\/wp-json\/wp\/v2\/users\/2"}],"replies":[{"embeddable":true,"href":"https:\/\/www.europesays.com\/se\/wp-json\/wp\/v2\/comments?post=125596"}],"version-history":[{"count":0,"href":"https:\/\/www.europesays.com\/se\/wp-json\/wp\/v2\/posts\/125596\/revisions"}],"wp:featuredmedia":[{"embeddable":true,"href":"https:\/\/www.europesays.com\/se\/wp-json\/wp\/v2\/media\/125597"}],"wp:attachment":[{"href":"https:\/\/www.europesays.com\/se\/wp-json\/wp\/v2\/media?parent=125596"}],"wp:term":[{"taxonomy":"category","embeddable":true,"href":"https:\/\/www.europesays.com\/se\/wp-json\/wp\/v2\/categories?post=125596"},{"taxonomy":"post_tag","embeddable":true,"href":"https:\/\/www.europesays.com\/se\/wp-json\/wp\/v2\/tags?post=125596"}],"curies":[{"name":"wp","href":"https:\/\/api.w.org\/{rel}","templated":true}]}}