{"id":125603,"date":"2026-01-04T18:41:08","date_gmt":"2026-01-04T18:41:08","guid":{"rendered":"https:\/\/www.europesays.com\/se\/125603\/"},"modified":"2026-01-04T18:41:08","modified_gmt":"2026-01-04T18:41:08","slug":"sl-bussar-fastnar-i-snokaos-i-tullinge-och-huddinge","status":"publish","type":"post","link":"https:\/\/www.europesays.com\/se\/125603\/","title":{"rendered":"SL bussar fastnar i sn\u00f6kaos i Tullinge och Huddinge"},"content":{"rendered":"<p>Publicerad 4 jan 2026 kl 16.41Uppdaterad kl 19.00<\/p>\n<p>Sn\u00f6stormen Anna ledde till att flera bussar fastnade i Tullinge under l\u00f6rdagen.<\/p>\n<p>Fler och fler bussar har \u00e4ven k\u00f6rt fast under s\u00f6ndagen.\u00a0<\/p>\n<p>\u2013 Det \u00e4r sv\u00e5rt att flytta dem n\u00e4r de st\u00e5r ink\u00f6rda som de g\u00f6r, s\u00e4ger Helene Jakobsson, presstalesperson p\u00e5 SL.<\/p>\n<p><img loading=\"lazy\"   alt=\"\"\/><\/p>\n<p>Antalet bussar som har k\u00f6rt fast i Tullinge har bara v\u00e4xt under helgen.<\/p>\n<p>Foto: Janne \u00c5kesson \/ Swepix<\/p>\n<p>\u00d6ppna bild i helsk\u00e4rm<img loading=\"lazy\"   alt=\"\"\/><\/p>\n<p>Stormen Anna har lett till att flera bussar k\u00f6rde fast i Tullinge.<\/p>\n<p>Foto: Janne \u00c5kesson \/ Swepix<\/p>\n<p>\u00d6ppna bild i helsk\u00e4rm<\/p>\n<p>Stormen Anna skapade problem i kollektivtrafiken runtom i Stockholm under l\u00f6rdagen.\u00a0<\/p>\n<p>Kraftigt sn\u00f6fall gjorde att m\u00e5nga v\u00e4gar blev sv\u00e5rk\u00f6rda i huvudstaden, och flera av SL:s bussar fastnade p\u00e5 Nibblev\u00e4gen i <a href=\"https:\/\/www.expressen.se\/tagg\/location\/tullinge\/\" class=\"\" rel=\"nofollow noopener\" target=\"_blank\">Tullinge<\/a> s\u00f6der om Stockholm.<\/p>\n<p>Antalet bussar som fastnat har bara v\u00e4xt under s\u00f6ndagen. Enligt SL:s presstj\u00e4nst ska tio stycken ha k\u00f6rt fast i backen.<\/p>\n<p>\u2013 Det \u00e4r sv\u00e5rt att flytta dem n\u00e4r de st\u00e5r ink\u00f6rda som de g\u00f6r. Vi m\u00e5ste f\u00e5 hj\u00e4lp av b\u00e4rgare och jag har inte f\u00e5tt information om att det har skett, s\u00e4ger Helene Jakobsson presstalesperson f\u00f6r SL.<\/p>\n<p>Lett till f\u00f6rseningar\u00a0<\/p>\n<p>Sn\u00f6ov\u00e4dret har lett till f\u00f6rseningar, f\u00f6r\u00e4ndrare k\u00f6rv\u00e4gar och f\u00f6rkortning av vissa linjer d\u00e4r v\u00e4garna inte \u00e4r framkomliga.\u00a0<\/p>\n<p>\u2013 Det \u00e4r huvudsakligen bussarna i omr\u00e5det du n\u00e4mner som \u00e4r p\u00e5verkade. Men vi har haft fordon runtom i l\u00e4net som blivit fast, men inte i samma omfattning som i Tullinge, s\u00e4ger Helene Jakobsson.\u00a0<\/p>\n<p>P\u00e5 sin hemsida varnar SL under s\u00f6ndagen f\u00f6r f\u00f6rseningar i busstrafiken i Huddinge och Botkyrka. Helene Jakobsson rekommenderar att man kollar SL-appen innan man ger sig ut f\u00f6r att ha koll p\u00e5 eventuella f\u00f6rseningar och f\u00f6r\u00e4ndrade h\u00e5llplatser.\u00a0<\/p>\n<p><img loading=\"lazy\"   alt=\"\"\/><\/p>\n<p>Under kv\u00e4llen har b\u00e4rgningen av bussarna p\u00e5b\u00f6rjats.<\/p>\n<p>Foto: Janne \u00c5kesson \/ Swepix<\/p>\n<p>\u00d6ppna bild i helsk\u00e4rm<\/p>\n","protected":false},"excerpt":{"rendered":"Publicerad 4 jan 2026 kl 16.41Uppdaterad kl 19.00 Sn\u00f6stormen Anna ledde till att flera bussar fastnade i Tullinge&hellip;\n","protected":false},"author":2,"featured_media":125604,"comment_status":"","ping_status":"","sticky":false,"template":"","format":"standard","meta":{"footnotes":""},"categories":[14],"tags":[22,23,26,27,17,21,24,25,11578,28,29,15,16,18,34,154,31,33,32,30,19,437,20,51,52,53,54],"class_list":{"0":"post-125603","1":"post","2":"type-post","3":"status-publish","4":"format-standard","5":"has-post-thumbnail","7":"category-varlden","8":"tag-breaking-news","9":"tag-breakingnews","10":"tag-featured-news","11":"tag-featurednews","12":"tag-headlines","13":"tag-huvudnyheter","14":"tag-latest-news","15":"tag-latestnews","16":"tag-location-tullinge","17":"tag-main-news","18":"tag-mainnews","19":"tag-news","20":"tag-nyheter","21":"tag-rubriker","22":"tag-se","23":"tag-sections-sverige","24":"tag-svenska","25":"tag-sverige","26":"tag-sweden","27":"tag-swedish","28":"tag-top-stories","29":"tag-topic-kollektivtrafik","30":"tag-topstories","31":"tag-varlden","32":"tag-world","33":"tag-world-news","34":"tag-worldnews"},"share_on_mastodon":{"url":"https:\/\/pubeurope.com\/@se\/115838299821523310","error":""},"_links":{"self":[{"href":"https:\/\/www.europesays.com\/se\/wp-json\/wp\/v2\/posts\/125603","targetHints":{"allow":["GET"]}}],"collection":[{"href":"https:\/\/www.europesays.com\/se\/wp-json\/wp\/v2\/posts"}],"about":[{"href":"https:\/\/www.europesays.com\/se\/wp-json\/wp\/v2\/types\/post"}],"author":[{"embeddable":true,"href":"https:\/\/www.europesays.com\/se\/wp-json\/wp\/v2\/users\/2"}],"replies":[{"embeddable":true,"href":"https:\/\/www.europesays.com\/se\/wp-json\/wp\/v2\/comments?post=125603"}],"version-history":[{"count":0,"href":"https:\/\/www.europesays.com\/se\/wp-json\/wp\/v2\/posts\/125603\/revisions"}],"wp:featuredmedia":[{"embeddable":true,"href":"https:\/\/www.europesays.com\/se\/wp-json\/wp\/v2\/media\/125604"}],"wp:attachment":[{"href":"https:\/\/www.europesays.com\/se\/wp-json\/wp\/v2\/media?parent=125603"}],"wp:term":[{"taxonomy":"category","embeddable":true,"href":"https:\/\/www.europesays.com\/se\/wp-json\/wp\/v2\/categories?post=125603"},{"taxonomy":"post_tag","embeddable":true,"href":"https:\/\/www.europesays.com\/se\/wp-json\/wp\/v2\/tags?post=125603"}],"curies":[{"name":"wp","href":"https:\/\/api.w.org\/{rel}","templated":true}]}}