{"id":125605,"date":"2026-01-04T18:43:12","date_gmt":"2026-01-04T18:43:12","guid":{"rendered":"https:\/\/www.europesays.com\/se\/125605\/"},"modified":"2026-01-04T18:43:12","modified_gmt":"2026-01-04T18:43:12","slug":"william-poromaa-rasar-efter-klattringen-i-tour-de-ski-helt-idiotiskt-langdskidor","status":"publish","type":"post","link":"https:\/\/www.europesays.com\/se\/125605\/","title":{"rendered":"William Poromaa rasar efter kl\u00e4ttringen i Tour de ski: \u201dHelt idiotiskt\u201d | L\u00e4ngdskidor"},"content":{"rendered":"<p>Publicerad 4 jan 2026 kl 12.45Uppdaterad kl 13.35<\/p>\n<p>Kl\u00e4ttring uppf\u00f6r en utf\u00f6rs\u00e5kningsbacke i ett l\u00e4ngd\u00e5kningslopp.<\/p>\n<p>William Poromaa undrar varf\u00f6r.<\/p>\n<p>\u2013 Det \u00e4r idiotiskt, s\u00e4ger svensken.<\/p>\n<p><img loading=\"lazy\"   alt=\"\"\/> <\/p>\n<p>Foto: MAXIM THORE \/ BILDBYR\u00c5N<\/p>\n<p>\u00d6ppna bild i helsk\u00e4rm<img loading=\"lazy\"   alt=\"\"\/> <\/p>\n<p>Foto: ACTION PRESS \/ STELLA PICTURES<\/p>\n<p>\u00d6ppna bild i helsk\u00e4rm<\/p>\n<p>I vanlig ordning bj\u00f6d den sista dagen av Tour de ski p\u00e5 en brant kl\u00e4ttring.<\/p>\n<p>\u00c5karna ska k\u00e4mpa sig uppf\u00f6r Alpe Cermis under tiokilometersloppet.<\/p>\n<p><a href=\"https:\/\/www.expressen.se\/tagg\/person\/william-poromaa\/\" class=\"\" rel=\"nofollow noopener\" target=\"_blank\">William Poromaa<\/a> blev b\u00e4ste svensk, men var totalt slutk\u00f6rd efter att ha tagit sig i m\u00e5l.<\/p>\n<p><strong>Du st\u00e5r och h\u00e4nger efter loppet. \u00c4r det sm\u00e4rta, tr\u00f6tthet, eller en kombination?<\/strong><\/p>\n<p>\u2013 Det \u00e4r en kombination, men mest \u00e4r man tr\u00f6tt. Man gl\u00f6mmer bort varje \u00e5r hur det k\u00e4nns, men det \u00e4r ju helt idiotiskt, s\u00e4ger Poromaa.<\/p>\n<p><strong>Det \u00e4r som svensk vinter.<\/strong><\/p>\n<p>\u2013 Ja. Det \u00e4r idiotiskt att uts\u00e4tta sig f\u00f6r det h\u00e4r.<\/p>\n<p><strong>Och \u00e4nd\u00e5 g\u00f6r du det \u00e5r efter \u00e5r, f\u00f6r vilken g\u00e5ng i ordningen?<\/strong><\/p>\n<p>\u2013 Ja, jag vet inte om det \u00e4r fj\u00e4rde eller femte. Men man ifr\u00e5gas\u00e4tter m\u00e5nga g\u00e5nger varf\u00f6r man h\u00e5ller p\u00e5 med den h\u00e4r skiten.<\/p>\n<p>Myhlback: \u201dSj\u00e4lvskadebeteende\u201d<\/p>\n<p>Alvar Myhlback var desto mer positiv till uppl\u00e4gget.<\/p>\n<p>\u2013 Jag tycker det var kul. Men det kanske tyder p\u00e5 ett sj\u00e4lvskadebeteende, s\u00e4ger han.<\/p>\n<p>Anton Grahn och Eric Rosj\u00f6 st\u00e4mmer dock in i William Poromaas utspel.\u00a0<\/p>\n<p>\u2013 Jag kan h\u00e5lla med. Med 200 meter kvar t\u00e4nker man \u201dvad ska vi g\u00f6ra det h\u00e4r f\u00f6r?\u201d. Men visst, det finns de som gillar det h\u00e4r med, s\u00e4ger Anton Grahn.<\/p>\n<p>\u2013 Benen bara skriker hela v\u00e4gen. Man f\u00e5r inte titta upp och se hur mycket som \u00e4r kvar, f\u00f6r d\u00e5 kommer man inte upp, s\u00e4ger Eric Rosj\u00f6.<\/p>\n<p>Domen: \u201dDet \u00e4r inte bra nog\u201d<\/p>\n<p>William Poromaa slutar 23:a i totalsammandraget efter att ha blandat och gett under veckans t\u00e4vlingar, som h\u00e5llits i b\u00e5de Toblach och Val di Fiemme.<\/p>\n<p>\u2013 Resultatm\u00e4ssigt \u00e4r det inte bra nog. Sen kan man s\u00e4ga vad man vill om uppl\u00e4gget, men det passar mig inte bra. Det f\u00e5r man vara \u00e4rlig med ocks\u00e5.<\/p>\n<p>Edvin Anger blev b\u00e4ste svensk i totalen p\u00e5 en tolfteplats. Den norske storstj\u00e4rnan Johannes H\u00f6sflot Kl\u00e4bo vann sin femte totalseger i Tour de ski n\u00e5gonsin \u2013 vilket \u00e4r fler \u00e4n n\u00e5gon annan vunnit tidigare.<\/p>\n","protected":false},"excerpt":{"rendered":"Publicerad 4 jan 2026 kl 12.45Uppdaterad kl 13.35 Kl\u00e4ttring uppf\u00f6r en utf\u00f6rs\u00e5kningsbacke i ett l\u00e4ngd\u00e5kningslopp. William Poromaa undrar&hellip;\n","protected":false},"author":2,"featured_media":125606,"comment_status":"","ping_status":"","sticky":false,"template":"","format":"standard","meta":{"footnotes":""},"categories":[5],"tags":[22,23,26,27,17,21,24,25,28,29,15,16,12204,934,18,34,857,31,33,32,30,19,20],"class_list":{"0":"post-125605","1":"post","2":"type-post","3":"status-publish","4":"format-standard","5":"has-post-thumbnail","7":"category-rubriker","8":"tag-breaking-news","9":"tag-breakingnews","10":"tag-featured-news","11":"tag-featurednews","12":"tag-headlines","13":"tag-huvudnyheter","14":"tag-latest-news","15":"tag-latestnews","16":"tag-main-news","17":"tag-mainnews","18":"tag-news","19":"tag-nyheter","20":"tag-organization-tour-de-ski","21":"tag-person-william-poromaa","22":"tag-rubriker","23":"tag-se","24":"tag-sections-langdskidor","25":"tag-svenska","26":"tag-sverige","27":"tag-sweden","28":"tag-swedish","29":"tag-top-stories","30":"tag-topstories"},"share_on_mastodon":{"url":"https:\/\/pubeurope.com\/@se\/115838307710597669","error":""},"_links":{"self":[{"href":"https:\/\/www.europesays.com\/se\/wp-json\/wp\/v2\/posts\/125605","targetHints":{"allow":["GET"]}}],"collection":[{"href":"https:\/\/www.europesays.com\/se\/wp-json\/wp\/v2\/posts"}],"about":[{"href":"https:\/\/www.europesays.com\/se\/wp-json\/wp\/v2\/types\/post"}],"author":[{"embeddable":true,"href":"https:\/\/www.europesays.com\/se\/wp-json\/wp\/v2\/users\/2"}],"replies":[{"embeddable":true,"href":"https:\/\/www.europesays.com\/se\/wp-json\/wp\/v2\/comments?post=125605"}],"version-history":[{"count":0,"href":"https:\/\/www.europesays.com\/se\/wp-json\/wp\/v2\/posts\/125605\/revisions"}],"wp:featuredmedia":[{"embeddable":true,"href":"https:\/\/www.europesays.com\/se\/wp-json\/wp\/v2\/media\/125606"}],"wp:attachment":[{"href":"https:\/\/www.europesays.com\/se\/wp-json\/wp\/v2\/media?parent=125605"}],"wp:term":[{"taxonomy":"category","embeddable":true,"href":"https:\/\/www.europesays.com\/se\/wp-json\/wp\/v2\/categories?post=125605"},{"taxonomy":"post_tag","embeddable":true,"href":"https:\/\/www.europesays.com\/se\/wp-json\/wp\/v2\/tags?post=125605"}],"curies":[{"name":"wp","href":"https:\/\/api.w.org\/{rel}","templated":true}]}}