{"id":125620,"date":"2026-01-04T19:25:15","date_gmt":"2026-01-04T19:25:15","guid":{"rendered":"https:\/\/www.europesays.com\/se\/125620\/"},"modified":"2026-01-04T19:25:15","modified_gmt":"2026-01-04T19:25:15","slug":"ebba-och-frida-forsvinner-franvarldscupen","status":"publish","type":"post","link":"https:\/\/www.europesays.com\/se\/125620\/","title":{"rendered":"Ebba och Frida f\u00f6rsvinner fr\u00e5n\nv\u00e4rldscupen"},"content":{"rendered":"<p>Publicerad 4 jan 2026 kl 18.06Uppdaterad kl 20.02<\/p>\n<p>Tour de ski \u00e4r \u00f6ver.<\/p>\n<p>Nu avbryter Frida Karlsson och Ebba Andersson v\u00e4rldscups\u00e4songen helt \u2013 och kommer inte att t\u00e4vla f\u00f6re OS.<\/p>\n<p>\u2013 Nix pix, s\u00e4ger Ebba Andersson.<\/p>\n<p>Lundgren i t\u00e5rar: \u201dJag \u00e4r j\u00e4ttearg\u201d<img loading=\"lazy\"   alt=\"\"\/><\/p>\n<p>Frida Karlsson.<\/p>\n<p>Foto: MAXIM THORE \/ BILDBYR\u00c5N<\/p>\n<p>\u00d6ppna bild i helsk\u00e4rm<img loading=\"lazy\"   alt=\"\"\/><\/p>\n<p>Ebba Andersson.<\/p>\n<p>Foto: MAXIM THORE \/ BILDBYR\u00c5N<\/p>\n<p>\u00d6ppna bild i helsk\u00e4rm<\/p>\n<p>En dryg m\u00e5nad \u00e5terst\u00e5r till staren av OS i Val di Fiemme f\u00f6r l\u00e4ngd\u00e5karna. Under den tiden arrangeras tv\u00e5 v\u00e4rldscupt\u00e4vlingar (Oberhof och Goms) men flera \u00e5kare v\u00e4ljer att avst\u00e5 fr\u00e5n att t\u00e4vla.<\/p>\n<p>Till exempel <a href=\"https:\/\/www.expressen.se\/tagg\/person\/ebba-andersson\/\" class=\"\" rel=\"nofollow noopener\" target=\"_blank\">Ebba Andersson<\/a>.<\/p>\n<p>\u2013 De breda penseldragen drogs redan i maj f\u00f6r hur jag vill g\u00f6ra. Och det blir uppladdning hemma i Sollefte\u00e5.<\/p>\n<p>Det inneb\u00e4r att Ebba Andersson st\u00e5r \u00f6ver alla lopp fram till OS-premi\u00e4ren den sjunde februari.<\/p>\n<p><strong>Varf\u00f6r?<\/strong><\/p>\n<p>\u2013 Dels f\u00f6r att det funkat bra f\u00f6r mig f\u00f6rut att ladda upp p\u00e5 hemmaplan, dels f\u00f6r att t\u00e4vlingsprogrammet \u00e4r v\u00e4ldigt sprintbetonat.\u00a0<\/p>\n<p>Ebba Andersson forts\u00e4tter:<\/p>\n<p>\u2013 Dessutom \u00e4r det andra aspekter s\u00e5 som resa, att vara lite p\u00e5 h\u00f6jd och att n\u00e4sta v\u00e4rldscup kommer lite tajt in p\u00e5 touren.<\/p>\n<p>Beskedet om Frida: \u201dEn lugnare period\u201d<\/p>\n<p>F\u00f6r Frida Karlssons del har planen hela tiden varit att t\u00e4vla mycket fram till och med Tour de ski. Nu slutade t\u00e4vlingsperioden en dag tidigare \u00e4n planerat d\u00e5 Karlsson avstod kl\u00e4ttringen uppf\u00f6r Alpe Cermis.<\/p>\n<p>Och nu byter Frida Karlsson fokus.<\/p>\n<p>\u2013 Ja, efter touren blir det en lite lugnare period. Och sen ett l\u00e4ngre h\u00f6jdblock f\u00f6r Frida, s\u00e4ger Per Nilsson, personlig tr\u00e4nare.\u00a0<\/p>\n<p><strong>S\u00e5 det \u00e4r inte aktuellt med med v\u00e4rldscuphelgerna i Oberhof eller Goms?<\/strong><\/p>\n<p>\u2013 Nej, det tror jag inte. Det \u00e4r ju bara ett distanslopp p\u00e5 programmet de helgerna.<\/p>\n<p><strong>N\u00e4r \u00e5ker hon upp p\u00e5 h\u00f6jd?<\/strong><\/p>\n<p>\u2013 Det \u00e4r inte riktigt klart \u00e4nnu. Men Frida vill ha en l\u00e4ngre period, s\u00e5 det kan bli aktuellt att hon \u00e5ker upp tidigare \u00e4n \u00f6vriga i landslaget som ska vara p\u00e5 l\u00e4gret i Seiser Alm.<\/p>\n<p>Maja Dahlqvist g\u00e5r emot str\u00f6mmen<\/p>\n<p>F\u00f6r \u00f6vriga i OS-truppen skiljer sig planerna \u00e5t ordentligt. Exempelvis kommer Maja Dahlqvist att t\u00e4vla i s\u00e5v\u00e4l Oberhof som Goms.<\/p>\n<p>\u2013 Det \u00e4r planen. Att t\u00e4vla mycket \u00e4r bra f\u00f6r mig, s\u00e4ger Dahlqvist.<\/p>\n<p><strong>Blir det l\u00e4ger p\u00e5 h\u00f6jd sedan?<\/strong><\/p>\n<p>\u2013 Det har jag inte best\u00e4mt \u00e4nnu.<\/p>\n<p>Linn Svahn missade Tour de ski p\u00e5 grund av en fotskada. Nu \u00e4r den skadade foten betydligt b\u00e4ttre och fungerar allt som det ska g\u00f6r Svahn comeback i v\u00e4rldscupen i Oberhof.<\/p>\n<p>F\u00f6r Jonna Sundling v\u00e4ntar \u00e5rets f\u00f6rsta t\u00e4vling n\u00e4sta helg med Kopparskidan i Falun, f\u00f6ljt av v\u00e4rldscupen i Oberhof helgen efter.\u00a0<\/p>\n","protected":false},"excerpt":{"rendered":"Publicerad 4 jan 2026 kl 18.06Uppdaterad kl 20.02 Tour de ski \u00e4r \u00f6ver. Nu avbryter Frida Karlsson och&hellip;\n","protected":false},"author":2,"featured_media":125621,"comment_status":"","ping_status":"","sticky":false,"template":"","format":"standard","meta":{"footnotes":""},"categories":[5],"tags":[22,23,26,27,17,21,24,25,28,29,15,16,12204,4140,4484,18,34,857,31,33,32,30,19,20],"class_list":{"0":"post-125620","1":"post","2":"type-post","3":"status-publish","4":"format-standard","5":"has-post-thumbnail","7":"category-rubriker","8":"tag-breaking-news","9":"tag-breakingnews","10":"tag-featured-news","11":"tag-featurednews","12":"tag-headlines","13":"tag-huvudnyheter","14":"tag-latest-news","15":"tag-latestnews","16":"tag-main-news","17":"tag-mainnews","18":"tag-news","19":"tag-nyheter","20":"tag-organization-tour-de-ski","21":"tag-person-ebba-andersson","22":"tag-person-frida-karlsson","23":"tag-rubriker","24":"tag-se","25":"tag-sections-langdskidor","26":"tag-svenska","27":"tag-sverige","28":"tag-sweden","29":"tag-swedish","30":"tag-top-stories","31":"tag-topstories"},"share_on_mastodon":{"url":"https:\/\/pubeurope.com\/@se\/115838472908644875","error":""},"_links":{"self":[{"href":"https:\/\/www.europesays.com\/se\/wp-json\/wp\/v2\/posts\/125620","targetHints":{"allow":["GET"]}}],"collection":[{"href":"https:\/\/www.europesays.com\/se\/wp-json\/wp\/v2\/posts"}],"about":[{"href":"https:\/\/www.europesays.com\/se\/wp-json\/wp\/v2\/types\/post"}],"author":[{"embeddable":true,"href":"https:\/\/www.europesays.com\/se\/wp-json\/wp\/v2\/users\/2"}],"replies":[{"embeddable":true,"href":"https:\/\/www.europesays.com\/se\/wp-json\/wp\/v2\/comments?post=125620"}],"version-history":[{"count":0,"href":"https:\/\/www.europesays.com\/se\/wp-json\/wp\/v2\/posts\/125620\/revisions"}],"wp:featuredmedia":[{"embeddable":true,"href":"https:\/\/www.europesays.com\/se\/wp-json\/wp\/v2\/media\/125621"}],"wp:attachment":[{"href":"https:\/\/www.europesays.com\/se\/wp-json\/wp\/v2\/media?parent=125620"}],"wp:term":[{"taxonomy":"category","embeddable":true,"href":"https:\/\/www.europesays.com\/se\/wp-json\/wp\/v2\/categories?post=125620"},{"taxonomy":"post_tag","embeddable":true,"href":"https:\/\/www.europesays.com\/se\/wp-json\/wp\/v2\/tags?post=125620"}],"curies":[{"name":"wp","href":"https:\/\/api.w.org\/{rel}","templated":true}]}}