{"id":125638,"date":"2026-01-04T20:03:11","date_gmt":"2026-01-04T20:03:11","guid":{"rendered":"https:\/\/www.europesays.com\/se\/125638\/"},"modified":"2026-01-04T20:03:11","modified_gmt":"2026-01-04T20:03:11","slug":"ukraina-bjuder-in-allierade-till-samtal-om-freden","status":"publish","type":"post","link":"https:\/\/www.europesays.com\/se\/125638\/","title":{"rendered":"Ukraina bjuder in allierade till samtal om freden"},"content":{"rendered":"<p>Ukraina kommer under l\u00f6rdagen h\u00e5lla r\u00e5dgivande samtal med runt 15 l\u00e4nder om de p\u00e5g\u00e5ende fredsf\u00f6rhandlingarna med Ryssland, skriver AFP.<\/p>\n<p>F\u00f6rutom representanter fr\u00e5n EU och Nato kommer ocks\u00e5 en amerikansk delegation att delta via videol\u00e4nk. <\/p>\n<p>Ukrainas president har tidigare sagt att ett fredsavtal med Ryssland \u00e4r 90 procent klart, men att viktiga territoriella fr\u00e5gor \u00e5terst\u00e5r att l\u00f6sa.<\/p>\n<p>Omni \u00e4r politiskt obundna och oberoende. Vi str\u00e4var efter att ge fler perspektiv p\u00e5 nyheterna. Har du fr\u00e5gor eller synpunkter kring v\u00e5r rapportering? <a href=\"https:\/\/omni.se\/ukraina-bjuder-in-allierade-till-samtal-om-freden\/a\/mailto:redaktion@omni.se\" class=\"ArticleActions_contactLink__W2F1M\" rel=\"nofollow noopener\" target=\"_blank\">Kontakta redaktionen<\/a><\/p>\n","protected":false},"excerpt":{"rendered":"Ukraina kommer under l\u00f6rdagen h\u00e5lla r\u00e5dgivande samtal med runt 15 l\u00e4nder om de p\u00e5g\u00e5ende fredsf\u00f6rhandlingarna med Ryssland, skriver&hellip;\n","protected":false},"author":2,"featured_media":125639,"comment_status":"","ping_status":"","sticky":false,"template":"","format":"standard","meta":{"footnotes":""},"categories":[14],"tags":[22,23,73,267,26,27,17,21,24,25,28,29,999,15,268,16,18,269,264,34,31,33,32,30,19,20,263,4101,74,51,52,53,54],"class_list":{"0":"post-125638","1":"post","2":"type-post","3":"status-publish","4":"format-standard","5":"has-post-thumbnail","7":"category-varlden","8":"tag-breaking-news","9":"tag-breakingnews","10":"tag-eu","11":"tag-europa","12":"tag-featured-news","13":"tag-featurednews","14":"tag-headlines","15":"tag-huvudnyheter","16":"tag-latest-news","17":"tag-latestnews","18":"tag-main-news","19":"tag-mainnews","20":"tag-nato","21":"tag-news","22":"tag-nordamerika","23":"tag-nyheter","24":"tag-rubriker","25":"tag-ryska-invasionen","26":"tag-ryssland","27":"tag-se","28":"tag-svenska","29":"tag-sverige","30":"tag-sweden","31":"tag-swedish","32":"tag-top-stories","33":"tag-topstories","34":"tag-ukraina","35":"tag-ukrainsk-politik","36":"tag-usa","37":"tag-varlden","38":"tag-world","39":"tag-world-news","40":"tag-worldnews"},"share_on_mastodon":{"url":"https:\/\/pubeurope.com\/@se\/115838622263037131","error":""},"_links":{"self":[{"href":"https:\/\/www.europesays.com\/se\/wp-json\/wp\/v2\/posts\/125638","targetHints":{"allow":["GET"]}}],"collection":[{"href":"https:\/\/www.europesays.com\/se\/wp-json\/wp\/v2\/posts"}],"about":[{"href":"https:\/\/www.europesays.com\/se\/wp-json\/wp\/v2\/types\/post"}],"author":[{"embeddable":true,"href":"https:\/\/www.europesays.com\/se\/wp-json\/wp\/v2\/users\/2"}],"replies":[{"embeddable":true,"href":"https:\/\/www.europesays.com\/se\/wp-json\/wp\/v2\/comments?post=125638"}],"version-history":[{"count":0,"href":"https:\/\/www.europesays.com\/se\/wp-json\/wp\/v2\/posts\/125638\/revisions"}],"wp:featuredmedia":[{"embeddable":true,"href":"https:\/\/www.europesays.com\/se\/wp-json\/wp\/v2\/media\/125639"}],"wp:attachment":[{"href":"https:\/\/www.europesays.com\/se\/wp-json\/wp\/v2\/media?parent=125638"}],"wp:term":[{"taxonomy":"category","embeddable":true,"href":"https:\/\/www.europesays.com\/se\/wp-json\/wp\/v2\/categories?post=125638"},{"taxonomy":"post_tag","embeddable":true,"href":"https:\/\/www.europesays.com\/se\/wp-json\/wp\/v2\/tags?post=125638"}],"curies":[{"name":"wp","href":"https:\/\/api.w.org\/{rel}","templated":true}]}}