{"id":125681,"date":"2026-01-04T21:01:07","date_gmt":"2026-01-04T21:01:07","guid":{"rendered":"https:\/\/www.europesays.com\/se\/125681\/"},"modified":"2026-01-04T21:01:07","modified_gmt":"2026-01-04T21:01:07","slug":"calle-ericsson-rasar-mot-klagomal-i-knivsta","status":"publish","type":"post","link":"https:\/\/www.europesays.com\/se\/125681\/","title":{"rendered":"Calle Ericsson rasar mot klagom\u00e5l i Knivsta"},"content":{"rendered":"<p>&#8221;Vart jag \u00e4n kommer \u00e4r jag f\u00f6rsenad. Hur mycket jag \u00e4n plogar \u00e4r det f\u00f6r lite. N\u00e4r jag \u00e4r klar i ett omr\u00e5de d\u00e4r det ut som att jag inte ens varit d\u00e4r, eftersom det har fortsatt sn\u00f6a.&#8221;\u00a0S\u00e5 skrev 34-\u00e5riga Calle Ericsson i Knivsta i ett inl\u00e4gg i sociala medier under helgen. Det har varit n\u00e5gra extrema dygn sedan ny\u00e5rsdagen \u2013 sn\u00f6n har vr\u00e4kt ner n\u00e4stan oavbrutet, och f\u00f6r sn<\/p>\n","protected":false},"excerpt":{"rendered":"&#8221;Vart jag \u00e4n kommer \u00e4r jag f\u00f6rsenad. Hur mycket jag \u00e4n plogar \u00e4r det f\u00f6r lite. N\u00e4r jag&hellip;\n","protected":false},"author":2,"featured_media":125682,"comment_status":"","ping_status":"","sticky":false,"template":"","format":"standard","meta":{"footnotes":""},"categories":[12],"tags":[22,23,26,27,17,21,24,25,28,29,15,16,18,34,31,33,32,30,19,20],"class_list":{"0":"post-125681","1":"post","2":"type-post","3":"status-publish","4":"format-standard","5":"has-post-thumbnail","7":"category-sverige","8":"tag-breaking-news","9":"tag-breakingnews","10":"tag-featured-news","11":"tag-featurednews","12":"tag-headlines","13":"tag-huvudnyheter","14":"tag-latest-news","15":"tag-latestnews","16":"tag-main-news","17":"tag-mainnews","18":"tag-news","19":"tag-nyheter","20":"tag-rubriker","21":"tag-se","22":"tag-svenska","23":"tag-sverige","24":"tag-sweden","25":"tag-swedish","26":"tag-top-stories","27":"tag-topstories"},"share_on_mastodon":{"url":"https:\/\/pubeurope.com\/@se\/115838850334402125","error":""},"_links":{"self":[{"href":"https:\/\/www.europesays.com\/se\/wp-json\/wp\/v2\/posts\/125681","targetHints":{"allow":["GET"]}}],"collection":[{"href":"https:\/\/www.europesays.com\/se\/wp-json\/wp\/v2\/posts"}],"about":[{"href":"https:\/\/www.europesays.com\/se\/wp-json\/wp\/v2\/types\/post"}],"author":[{"embeddable":true,"href":"https:\/\/www.europesays.com\/se\/wp-json\/wp\/v2\/users\/2"}],"replies":[{"embeddable":true,"href":"https:\/\/www.europesays.com\/se\/wp-json\/wp\/v2\/comments?post=125681"}],"version-history":[{"count":0,"href":"https:\/\/www.europesays.com\/se\/wp-json\/wp\/v2\/posts\/125681\/revisions"}],"wp:featuredmedia":[{"embeddable":true,"href":"https:\/\/www.europesays.com\/se\/wp-json\/wp\/v2\/media\/125682"}],"wp:attachment":[{"href":"https:\/\/www.europesays.com\/se\/wp-json\/wp\/v2\/media?parent=125681"}],"wp:term":[{"taxonomy":"category","embeddable":true,"href":"https:\/\/www.europesays.com\/se\/wp-json\/wp\/v2\/categories?post=125681"},{"taxonomy":"post_tag","embeddable":true,"href":"https:\/\/www.europesays.com\/se\/wp-json\/wp\/v2\/tags?post=125681"}],"curies":[{"name":"wp","href":"https:\/\/api.w.org\/{rel}","templated":true}]}}