{"id":125695,"date":"2026-01-04T21:21:22","date_gmt":"2026-01-04T21:21:22","guid":{"rendered":"https:\/\/www.europesays.com\/se\/125695\/"},"modified":"2026-01-04T21:21:22","modified_gmt":"2026-01-04T21:21:22","slug":"ar-nasta-james-bond-redan-klar-callum-turner-sags-ta-over-och-dua-lipa-kan-gora-ledmotivet","status":"publish","type":"post","link":"https:\/\/www.europesays.com\/se\/125695\/","title":{"rendered":"\u00c4r n\u00e4sta James Bond redan klar? Callum Turner s\u00e4gs ta \u00f6ver \u2013 och Dua Lipa kan g\u00f6ra ledmotivet"},"content":{"rendered":"\n<p>Publicerad den 4 januari 2026 av Metro Mode<\/p>\n<p><strong>James Bond-ryktena snurrar snabbare \u00e4n n\u00e5gonsin \u2013 och nu pekar allt mot ett nytt 007-dream team. Enligt uppgifter fr\u00e5n brittiska medier ska Callum Turner ha ber\u00e4ttat f\u00f6r v\u00e4nner att han \u00e4r klar som n\u00e4sta James Bond. Och som om det inte vore nog: hans f\u00e4stm\u00f6 Dua Lipa s\u00e4gs vara aktuell f\u00f6r att skriva och framf\u00f6ra filmens ledmotiv.<\/strong><\/p>\n<p><img loading=\"lazy\" decoding=\"async\" width=\"1200\" height=\"800\" src=\"https:\/\/www.europesays.com\/se\/wp-content\/uploads\/2026\/01\/callum-turner-james-bond.jpg\" alt=\"\" class=\"wp-image-411606\"\/>Foto: Instagram @dualipa<\/p>\n<p>Om uppgifterna st\u00e4mmer kan det bli en av de mest omtalade Bond-lanseringarna p\u00e5 l\u00e4nge.<\/p>\n<p><strong>\u201dDet \u00e4r den s\u00e4mst bevarade hemligheten i stan\u201d<\/strong><\/p>\n<p><a href=\"https:\/\/www.dailymail.co.uk\/tvshowbiz\/article-15431751\/Callum-Turner-Dua-Lipa-007-double-act-new-Bond-tipped-write-theme-tune.html\" rel=\"nofollow noopener\" target=\"_blank\">Daily Mail <\/a>skriver att k\u00e4llor n\u00e4ra sk\u00e5despelaren uppger att Callum Turner, 35, redan ser sig som klar f\u00f6r rollen.<\/p>\n<p>\u2013 Callum \u00e4r nya Bond, det \u00e4r bekr\u00e4ftat. Alla i hans krets pratar om det, s\u00e4ger en k\u00e4lla och beskriver det som \u201dden s\u00e4mst bevarade hemligheten\u201d.<\/p>\n<p>Turner \u00e4r sedan tidigare bookies-favorit och har p\u00e5 senare tid g\u00e5tt om namn som Aaron Taylor-Johnson, James Norton och Idris Elba i spekulationerna.<\/p>\n<p><strong>Dua Lipa som Bond-r\u00f6st?<\/strong><\/p>\n<p>Samtidigt spekuleras det i att Dua Lipa, 30, kan bli n\u00e4sta stora Bond-r\u00f6st \u2013 i samma exklusiva s\u00e4llskap som Adele, Billie Eilish och Sam Smith. Enligt k\u00e4llor \u00e4r hon mycket sugen p\u00e5 uppdraget.<\/p>\n<p>\u2013 Dua \u00e4r \u00f6verlycklig f\u00f6r Callum och har sagt att hon g\u00e4rna skulle vilja spela in Bond-temat, uppger en k\u00e4lla.<\/p>\n<p>Hon har tidigare skrivit musik f\u00f6r film, bland annat Swan Song till Alita: Battle Angel, och skulle utan tvekan passa in i Bond-universums musikaliska arv.<\/p>\n<p><strong>Fr\u00e5n modell till 007-material<\/strong><\/p>\n<p>Enligt k\u00e4llor besitter Turner allt som kr\u00e4vs:<\/p>\n<p>\u2013 Han har utseendet, sofistikeringen och har verkligen bevisat sin sk\u00e5despelartalang.<\/p>\n<p><strong>K\u00e4rlek, f\u00f6rlovning \u2013 och Jamaica<\/strong><\/p>\n<p>Turner och Lipa b\u00f6rjade dejta i januari 2024 och f\u00f6rlovade sig f\u00f6rra sommaren. De har \u00e4nnu inte satt n\u00e5got br\u00f6llopsdatum, men har redan hunnit sp\u00e4 p\u00e5 Bond-ryktena genom en semesterresa till Goldeneye i Jamaica \u2013 Ian Flemings gamla Bond-residens.<\/p>\n<p>Tillf\u00e4llighet? Kanske. Men Bond-fans v\u00e4rlden \u00f6ver h\u00f6jde p\u00e5 \u00f6gonbrynen.<\/p>\n<p><strong>Bond 26 \u2013 vad vet vi?<\/strong><\/p>\n<p>Den kommande filmen, \u00e4n s\u00e5 l\u00e4nge kallad Bond 26, blir den 26:e i ordningen och en av Hollywoods mest efterl\u00e4ngtade produktioner. Det har nu g\u00e5tt fyra \u00e5r sedan No Time To Die.<\/p>\n<ul class=\"wp-block-list\">\n<li>Manus: <strong>Steven Knight<\/strong> (Peaky Blinders)<\/li>\n<li>Regi: <strong>Denis Villeneuve<\/strong> (Dune)<\/li>\n<li>M\u00f6jlig premi\u00e4r: <strong>2027<\/strong><\/li>\n<li>Inspelning: kan starta redan i \u00e5r<\/li>\n<\/ul>\n<p>Efter att Amazon k\u00f6pte r\u00e4ttigheterna till Bond f\u00f6r omkring en miljard dollar \u00e4r f\u00f6rv\u00e4ntningarna skyh\u00f6ga. Amazon-chefen Jeff Bezos beskrivs som djupt involverad och fast besluten att \u201dinte f\u00f6rst\u00f6ra Bond\u201d.<\/p>\n<p><strong>Officiellt? Inte \u00e4n<\/strong><\/p>\n<p>Varken Callum Turner, Dua Lipa eller Amazon har kommenterat uppgifterna. Men om ryktena st\u00e4mmer kan vi st\u00e5 inf\u00f6r ett av de mest stilfulla Bond-kapitlen hittills \u2013 med b\u00e5de en ny 007 och ett potentiellt ikoniskt soundtrack.<\/p>\n<p>Ett \u00e4r s\u00e4kert: Bond-febern \u00e4r tillbaka!<\/p>\n","protected":false},"excerpt":{"rendered":"Publicerad den 4 januari 2026 av Metro Mode James Bond-ryktena snurrar snabbare \u00e4n n\u00e5gonsin \u2013 och nu pekar&hellip;\n","protected":false},"author":2,"featured_media":125696,"comment_status":"","ping_status":"","sticky":false,"template":"","format":"standard","meta":{"footnotes":""},"categories":[67],"tags":[104,34,31,33,32,30,105],"class_list":{"0":"post-125695","1":"post","2":"type-post","3":"status-publish","4":"format-standard","5":"has-post-thumbnail","7":"category-underhallning","8":"tag-entertainment","9":"tag-se","10":"tag-svenska","11":"tag-sverige","12":"tag-sweden","13":"tag-swedish","14":"tag-underhallning"},"share_on_mastodon":{"url":"https:\/\/pubeurope.com\/@se\/115838929009416089","error":""},"_links":{"self":[{"href":"https:\/\/www.europesays.com\/se\/wp-json\/wp\/v2\/posts\/125695","targetHints":{"allow":["GET"]}}],"collection":[{"href":"https:\/\/www.europesays.com\/se\/wp-json\/wp\/v2\/posts"}],"about":[{"href":"https:\/\/www.europesays.com\/se\/wp-json\/wp\/v2\/types\/post"}],"author":[{"embeddable":true,"href":"https:\/\/www.europesays.com\/se\/wp-json\/wp\/v2\/users\/2"}],"replies":[{"embeddable":true,"href":"https:\/\/www.europesays.com\/se\/wp-json\/wp\/v2\/comments?post=125695"}],"version-history":[{"count":0,"href":"https:\/\/www.europesays.com\/se\/wp-json\/wp\/v2\/posts\/125695\/revisions"}],"wp:featuredmedia":[{"embeddable":true,"href":"https:\/\/www.europesays.com\/se\/wp-json\/wp\/v2\/media\/125696"}],"wp:attachment":[{"href":"https:\/\/www.europesays.com\/se\/wp-json\/wp\/v2\/media?parent=125695"}],"wp:term":[{"taxonomy":"category","embeddable":true,"href":"https:\/\/www.europesays.com\/se\/wp-json\/wp\/v2\/categories?post=125695"},{"taxonomy":"post_tag","embeddable":true,"href":"https:\/\/www.europesays.com\/se\/wp-json\/wp\/v2\/tags?post=125695"}],"curies":[{"name":"wp","href":"https:\/\/api.w.org\/{rel}","templated":true}]}}