{"id":125700,"date":"2026-01-04T21:26:24","date_gmt":"2026-01-04T21:26:24","guid":{"rendered":"https:\/\/www.europesays.com\/se\/125700\/"},"modified":"2026-01-04T21:26:24","modified_gmt":"2026-01-04T21:26:24","slug":"matt-cairns-bryter-med-bjorkloven","status":"publish","type":"post","link":"https:\/\/www.europesays.com\/se\/125700\/","title":{"rendered":"Matt Cairns bryter med Bj\u00f6rkl\u00f6ven"},"content":{"rendered":"<p><strong>Matt Cairns har f\u00e5tt begr\u00e4nsat med istid i <a href=\"https:\/\/hockeysverige.se\/klubb\/if-bjorkloven\" rel=\"nofollow noopener\" target=\"_blank\">Bj\u00f6rkl\u00f6ven<\/a>. <br \/>Nu bryts kontrakt och backen l\u00e4mnar serieledarna med omedelbar verkan. <\/strong><\/p>\n<p><img loading=\"lazy\" decoding=\"async\" width=\"1024\" height=\"658\" src=\"https:\/\/www.europesays.com\/se\/wp-content\/uploads\/2026\/01\/Matt-Cairns-1024x658.webp.webp\" alt=\"Matt Cairns.\" class=\"wp-image-341707\"  \/>Matt Cairns g\u00e5r skilda v\u00e4gar med Bj\u00f6rkl\u00f6ven. <strong>Foto:<\/strong> Emma Wallskog\/Bildbyr\u00e5n<\/p>\n<p>I slutet av f\u00f6rra s\u00e4songen v\u00e4rvade Bj\u00f6rkl\u00f6ven in kanadensaren Matt Cairns f\u00f6r att bredda lagets backsida. Han kom sedan in och blev en central spelare i lagets f\u00f6rsvar och spelade till sig ett nytt avtal inf\u00f6r \u00e5rets s\u00e4song i <a href=\"https:\/\/hockeysverige.se\/hockeyallsvenskan\" rel=\"nofollow noopener\" target=\"_blank\">HockeyAllsvenskan<\/a>. <\/p>\n<p>Den h\u00e4r s\u00e4songen har Cairns dock inte varit lika framtr\u00e4dande. Han har endast noterats f\u00f6r 1+0 p\u00e5 27 matcher, efter att ha gjort 2+3 p\u00e5 elva matcher i fjol. 27-\u00e5ringen har f\u00e5tt en mindre roll i \u201dL\u00f6ven\u201d och \u00e4ven varit helt utanf\u00f6r laget ibland. N\u00e4r nyf\u00f6rv\u00e4rv som Olli Vainio, Anton Malmstr\u00f6m och Lucas Nords\u00e4ter kommit in och f\u00e5tt stora roller samtidigt som <a href=\"https:\/\/hockeysverige.se\/spelare\/oliwer-sjostrom\" rel=\"nofollow noopener\" target=\"_blank\">Oliwer Sj\u00f6str\u00f6m<\/a> imponerat stort under sin utl\u00e5ning fr\u00e5n Lule\u00e5 har Cairns hamnat snett. Under s\u00e4songen har han snittat 12:16 minuters istid per match, l\u00e4gst av Bj\u00f6rkl\u00f6vens \u00e5tta ordinarie backar. <\/p>\n<p>Nu meddelar Bj\u00f6rkl\u00f6ven att de g\u00e5r skilda v\u00e4gar med backen. Klubben skriver p\u00e5 sin <a href=\"https:\/\/www.bjorkloven.com\/article\/fmrat8c-2e4ad\/view\" rel=\"nofollow noopener\" target=\"_blank\">hemsida<\/a> att kontraktet bryts \u201defter en gemensam dialog mellan klubben och spelaren\u201d. <\/p>\n<p>\u2013 Vi har i samr\u00e5d med Matt valt att avsluta hans avtal. Vi \u00f6nskar honom lycka till i hans nya klubb, s\u00e4ger sportchef Per Kentt\u00e4.<\/p>\n<p>Matt Cairns spelade totalt 38 matcher i Bj\u00f6rkl\u00f6ven sedan han v\u00e4rvades till klubben p\u00e5 transferf\u00f6nstrets sista dag, 15 februari 2025. Bj\u00f6rkl\u00f6ven leder HockeyAllsvenskan i \u00f6verl\u00e4gsen stil och har 78 po\u00e4ng efter 32 omg\u00e5ngar. De \u00e4r d\u00e4rmed hela tio po\u00e4ng f\u00f6re tv\u00e5an Kalmar. <\/p>\n<p>Under s\u00f6ndagen uppger <a href=\"https:\/\/www.expressen.se\/sport\/hockey\/hockeyallsvenskan\/matt-cairns-lamnar-bjorkloven-flyttar-till-italien\/\" rel=\"nofollow noopener\" target=\"_blank\">Expressen<\/a> att Cairns \u00e4r klar f\u00f6r en flytt till italienska Bolzano. <\/p>\n<p> Source: <a href=\"https:\/\/www.eliteprospects.com\/player\/245621\/matt-cairns\" target=\"_blank\" rel=\"noopener noreferrer nofollow\">Matt Cairns<\/a> @ Elite Prospects<\/p>\n","protected":false},"excerpt":{"rendered":"Matt Cairns har f\u00e5tt begr\u00e4nsat med istid i Bj\u00f6rkl\u00f6ven. Nu bryts kontrakt och backen l\u00e4mnar serieledarna med omedelbar&hellip;\n","protected":false},"author":2,"featured_media":125701,"comment_status":"","ping_status":"","sticky":false,"template":"","format":"standard","meta":{"footnotes":""},"categories":[5],"tags":[22,23,26,27,17,621,21,24,25,28,29,15,16,18,34,133,31,33,32,30,19,20],"class_list":{"0":"post-125700","1":"post","2":"type-post","3":"status-publish","4":"format-standard","5":"has-post-thumbnail","7":"category-rubriker","8":"tag-breaking-news","9":"tag-breakingnews","10":"tag-featured-news","11":"tag-featurednews","12":"tag-headlines","13":"tag-hockeyallsvenskan","14":"tag-huvudnyheter","15":"tag-latest-news","16":"tag-latestnews","17":"tag-main-news","18":"tag-mainnews","19":"tag-news","20":"tag-nyheter","21":"tag-rubriker","22":"tag-se","23":"tag-second-news","24":"tag-svenska","25":"tag-sverige","26":"tag-sweden","27":"tag-swedish","28":"tag-top-stories","29":"tag-topstories"},"share_on_mastodon":{"url":"https:\/\/pubeurope.com\/@se\/115838948646098558","error":""},"_links":{"self":[{"href":"https:\/\/www.europesays.com\/se\/wp-json\/wp\/v2\/posts\/125700","targetHints":{"allow":["GET"]}}],"collection":[{"href":"https:\/\/www.europesays.com\/se\/wp-json\/wp\/v2\/posts"}],"about":[{"href":"https:\/\/www.europesays.com\/se\/wp-json\/wp\/v2\/types\/post"}],"author":[{"embeddable":true,"href":"https:\/\/www.europesays.com\/se\/wp-json\/wp\/v2\/users\/2"}],"replies":[{"embeddable":true,"href":"https:\/\/www.europesays.com\/se\/wp-json\/wp\/v2\/comments?post=125700"}],"version-history":[{"count":0,"href":"https:\/\/www.europesays.com\/se\/wp-json\/wp\/v2\/posts\/125700\/revisions"}],"wp:featuredmedia":[{"embeddable":true,"href":"https:\/\/www.europesays.com\/se\/wp-json\/wp\/v2\/media\/125701"}],"wp:attachment":[{"href":"https:\/\/www.europesays.com\/se\/wp-json\/wp\/v2\/media?parent=125700"}],"wp:term":[{"taxonomy":"category","embeddable":true,"href":"https:\/\/www.europesays.com\/se\/wp-json\/wp\/v2\/categories?post=125700"},{"taxonomy":"post_tag","embeddable":true,"href":"https:\/\/www.europesays.com\/se\/wp-json\/wp\/v2\/tags?post=125700"}],"curies":[{"name":"wp","href":"https:\/\/api.w.org\/{rel}","templated":true}]}}