{"id":125704,"date":"2026-01-04T21:29:07","date_gmt":"2026-01-04T21:29:07","guid":{"rendered":"https:\/\/www.europesays.com\/se\/125704\/"},"modified":"2026-01-04T21:29:07","modified_gmt":"2026-01-04T21:29:07","slug":"james-gunns-supergirl-gar-sin-egen-vag-foljer-inte-boken-religiost","status":"publish","type":"post","link":"https:\/\/www.europesays.com\/se\/125704\/","title":{"rendered":"James Gunns &#8221;Supergirl&#8221; g\u00e5r sin egen v\u00e4g: &#8221;F\u00f6ljer inte boken religi\u00f6st&#8221;"},"content":{"rendered":"<p>Har du l\u00e4st Tom Kings hyllade serietidning \u201dSupergirl: Woman of Tomorrow\u201d? D\u00e5 kan du gl\u00f6mma allt du vet. James Gunn avsl\u00f6jar nu att DCU:s n\u00e4sta storfilm tar sina egna v\u00e4gar.<\/p>\n<p>I en intervju med <a href=\"https:\/\/podcasts.apple.com\/us\/podcast\/awards-circuit-variety\/id1536666553\" rel=\"nofollow noopener\" target=\"_blank\">Varietys Award Circuit-podd<\/a> f\u00f6rklarar Gunn att manuset inte slaviskt f\u00f6ljer originalet. Filmen beh\u00e5ller k\u00e4rnber\u00e4ttelsen men adderar helt nya element, d\u00e4ribland Jason Momoa som rymdprisj\u00e4garen Lobo, en karakt\u00e4r som aldrig d\u00f6k upp i serietidningen.<\/p>\n<p>\u2013 Den bygger p\u00e5 Tom Kings bok, men f\u00f6ljer den inte religi\u00f6st. D\u00e4remot finns mycket av k\u00e4rnan kvar, och jag \u00e4r riktigt exalterad \u00f6ver att folk ska f\u00e5 se den, s\u00e4ger Gunn.<\/p>\n<p><a href=\"https:\/\/www.moviezine.se\/series\/house-of-the-dragon\" rel=\"nofollow noopener\" target=\"_blank\">\u201dHouse of the Dragon\u201d<\/a>-stj\u00e4rnan Milly Alcock tar rollen som Kara Zor-El. Men gl\u00f6m den glada hj\u00e4ltinnan.<\/p>\n<p>\u2013 Vi ser skillnaden mellan Superman, som skickades till jorden och v\u00e4xte upp med k\u00e4rleksfulla f\u00f6r\u00e4ldrar, och Supergirl, som v\u00e4xte upp p\u00e5 en d\u00f6ende Krypton och s\u00e5g alla hon \u00e4lskade d\u00f6, har Gunn tidigare sagt till <a href=\"https:\/\/deadline.com\/2023\/01\/dc-movie-tv-plan-james-gunn-peter-safran-batman-swamp-thing-green-lantern-1235244926\/\" rel=\"nofollow noopener\" target=\"_blank\">Deadline<\/a>. Han beskriver karakt\u00e4ren som \u201den total r\u00f6ra\u201d \u2013 och det \u00e4lskar vi!<\/p>\n<p>Regiss\u00f6ren Craig Gillespie, mannen bakom Oscarsbel\u00f6nade \u201dI, Tonya\u201d och Disney-succ\u00e9n \u201dCruella\u201d, tar kommandot. Han har \u00e4ven regisserat Hulu-serien \u201dPam &amp; Tommy\u201d. Hans meritlista visar att han beh\u00e4rskar komplexa karakt\u00e4rer med m\u00f6rka bakgrunder, perfekt matchning f\u00f6r den h\u00e4r ber\u00e4ttelsen.<\/p>\n<p>Gunn kallar filmen \u201den rymd\u00e4ventyrsfantasi, lite som \u201dGuardians\u201d p\u00e5 ett s\u00e4tt\u201d. Handlingen f\u00f6ljer Supergirl och den unga flickan Ruthye p\u00e5 en h\u00e4mndresa genom galaxen, t\u00e4nk \u201dTrue Grit\u201d m\u00f6ter \u201dGuardians of the Galaxy\u201d i rymden. Matthias Schoenaerts spelar skurken Krem of the Yellow Hills, och David Corenswet \u00e5terv\u00e4nder som Superman.<\/p>\n<p><a href=\"https:\/\/www.moviezine.se\/movies\/supergirl-woman-of-tomorrow\" rel=\"nofollow noopener\" target=\"_blank\">\u201dSupergirl\u201d<\/a> landar p\u00e5 bio 26 juni 2026.<\/p>\n<p><strong>DCU:s kommande projekt:<\/strong><\/p>\n<ul class=\"wp-block-list\">\n<li>\u201dLanterns\u201d \u2013 HBO-serie (sommar 2026)<\/li>\n<li>\u201dClayface\u201d \u2013 biofilm (september 2026)<\/li>\n<li>\u201dMan of Tomorrow\u201d \u2013 Supermans uppf\u00f6ljare (juli 2027)<\/li>\n<li>\u201dThe Batman Part II\u201d \u2013 Elseworlds (oktober 2027)<\/li>\n<\/ul>\n<p>Spana in trailern nedan!<\/p>\n<p><img loading=\"lazy\" decoding=\"async\" alt=\"YouTube video\" width=\"480\" height=\"360\" data-pin-nopin=\"true\" nopin=\"nopin\" class=\"perfmatters-lazy\" src=\"https:\/\/www.europesays.com\/se\/wp-content\/uploads\/2026\/01\/1767562147_982_hqdefault.jpg\"\/><\/p>\n<p>L\u00e4s ocks\u00e5: <a href=\"https:\/\/www.moviezine.se\/nyheter\/james-gunn-om-netflix-dealen-som-kan-forandra-dc-valdigt-spannande\" title=\"James Gunn om Netflix-dealen som kan f\u00f6r\u00e4ndra DC: \u201dV\u00e4ldigt sp\u00e4nnande\u201d\" class=\"underline-custom !font-montserrat !font-bold !underline-offset-4 !decoration-4 !decoration-moviezine-green !text-md\" rel=\"nofollow noopener\" target=\"_blank\">James Gunn om Netflix-dealen som kan f\u00f6r\u00e4ndra DC: \u201dV\u00e4ldigt sp\u00e4nnande\u201d<\/a><\/p>\n<p>L\u00e4s ocks\u00e5: <a href=\"https:\/\/www.moviezine.se\/nyheter\/klassikerna-som-fick-james-gunn-att-alska-film\" title=\"Klassikerna som fick James Gunn att \u00e4lska film\" class=\"underline-custom !font-montserrat !font-bold !underline-offset-4 !decoration-4 !decoration-moviezine-green !text-md\" rel=\"nofollow noopener\" target=\"_blank\">Klassikerna som fick James Gunn att \u00e4lska film<\/a><\/p>\n","protected":false},"excerpt":{"rendered":"Har du l\u00e4st Tom Kings hyllade serietidning \u201dSupergirl: Woman of Tomorrow\u201d? D\u00e5 kan du gl\u00f6mma allt du vet.&hellip;\n","protected":false},"author":2,"featured_media":125705,"comment_status":"","ping_status":"","sticky":false,"template":"","format":"standard","meta":{"footnotes":""},"categories":[67],"tags":[104,34,31,33,32,30,105],"class_list":{"0":"post-125704","1":"post","2":"type-post","3":"status-publish","4":"format-standard","5":"has-post-thumbnail","7":"category-underhallning","8":"tag-entertainment","9":"tag-se","10":"tag-svenska","11":"tag-sverige","12":"tag-sweden","13":"tag-swedish","14":"tag-underhallning"},"share_on_mastodon":{"url":"https:\/\/pubeurope.com\/@se\/115838960840946206","error":""},"_links":{"self":[{"href":"https:\/\/www.europesays.com\/se\/wp-json\/wp\/v2\/posts\/125704","targetHints":{"allow":["GET"]}}],"collection":[{"href":"https:\/\/www.europesays.com\/se\/wp-json\/wp\/v2\/posts"}],"about":[{"href":"https:\/\/www.europesays.com\/se\/wp-json\/wp\/v2\/types\/post"}],"author":[{"embeddable":true,"href":"https:\/\/www.europesays.com\/se\/wp-json\/wp\/v2\/users\/2"}],"replies":[{"embeddable":true,"href":"https:\/\/www.europesays.com\/se\/wp-json\/wp\/v2\/comments?post=125704"}],"version-history":[{"count":0,"href":"https:\/\/www.europesays.com\/se\/wp-json\/wp\/v2\/posts\/125704\/revisions"}],"wp:featuredmedia":[{"embeddable":true,"href":"https:\/\/www.europesays.com\/se\/wp-json\/wp\/v2\/media\/125705"}],"wp:attachment":[{"href":"https:\/\/www.europesays.com\/se\/wp-json\/wp\/v2\/media?parent=125704"}],"wp:term":[{"taxonomy":"category","embeddable":true,"href":"https:\/\/www.europesays.com\/se\/wp-json\/wp\/v2\/categories?post=125704"},{"taxonomy":"post_tag","embeddable":true,"href":"https:\/\/www.europesays.com\/se\/wp-json\/wp\/v2\/tags?post=125704"}],"curies":[{"name":"wp","href":"https:\/\/api.w.org\/{rel}","templated":true}]}}