{"id":125714,"date":"2026-01-04T21:37:09","date_gmt":"2026-01-04T21:37:09","guid":{"rendered":"https:\/\/www.europesays.com\/se\/125714\/"},"modified":"2026-01-04T21:37:09","modified_gmt":"2026-01-04T21:37:09","slug":"mike-flanagan-pa-gang-med-ambitios-stephen-king-serie-dissar-tidigare-filmversionen","status":"publish","type":"post","link":"https:\/\/www.europesays.com\/se\/125714\/","title":{"rendered":"Mike Flanagan p\u00e5 g\u00e5ng med ambiti\u00f6s Stephen King-serie \u2013 dissar tidigare filmversionen"},"content":{"rendered":"<p>\u201dDet m\u00f6rka tornet\u201d kan mycket v\u00e4l vara <strong>Stephen Kings<\/strong> allra mest ambiti\u00f6sa skapelse. Serien best\u00e5r av \u00e5tta romaner och f\u00f6rfattaren har kallat den f\u00f6r sitt livsverk.<\/p>\n<p>Naturligtvis har filmskapare med stora ambitioner k\u00e4nt en dragning till materialet. 2017 hade danske Nikolaj Arcels l\u00e5ngfilmsadaption <a href=\"https:\/\/www.moviezine.se\/movies\/the-dark-tower-2017\" rel=\"nofollow noopener\" target=\"_blank\">\u201dThe Dark Tower\u201d<\/a> med Idris Elba premi\u00e4r, men mottagandet blev allt annat \u00e4n positivt.\u00a0P\u00e5 Rotten Tomatoes har den bara 16% positiva recensioner.<\/p>\n<p>Nu \u00e5tta \u00e5r senare \u00e4r en ny adaption p\u00e5 g\u00e5ng, den h\u00e4r g\u00e5ngen en tv-serie signerad <strong>Mike Flanagan<\/strong>. Han har tidigare imponerat med sina King-adaptioner <a href=\"https:\/\/www.moviezine.se\/movies\/geralds-game\" rel=\"nofollow noopener\" target=\"_blank\">\u201dGeralds lek\u201d<\/a> och <a href=\"https:\/\/www.moviezine.se\/movies\/doctor-sleep\" rel=\"nofollow noopener\" target=\"_blank\">\u201dDoctor Sleep\u201d<\/a>, och \u00e4r snart aktuell med miniserien <a href=\"https:\/\/www.moviezine.se\/nyheter\/carrie-ar-snart-tillbaka-inspelningen-av-nya-miniserien-gar-i-mal\" rel=\"nofollow noopener\" target=\"_blank\">\u201dCarrie\u201d<\/a>.<\/p>\n<p>I en ny intervju med Empire s\u00e4ger han att projektet r\u00f6r sig fram\u00e5t (via <a href=\"https:\/\/deadline.com\/2026\/01\/mike-flanagan-teases-dark-tower-series-1236660831\/\" rel=\"nofollow noopener\" target=\"_blank\">Deadline<\/a>).<\/p>\n<p>\u2013 Det r\u00f6r p\u00e5 sig, lovar han. Vi har en hel del manus klara. Det \u00e4r f\u00f6rsta prioritet.<\/p>\n<p>Flanagan drar sig inte heller f\u00f6r att kasta lite skugga \u00f6ver det tidigare f\u00f6rs\u00f6ket.<\/p>\n<p>\u2013 Vi f\u00e5r inte l\u00e5ta den vara det sista ordet. Vi f\u00e5r verkligen inte det.<\/p>\n<p>Med stor sannlikhet f\u00e5r Flanagan medh\u00e5ll av b\u00e5de <a href=\"https:\/\/www.moviezine.se\/nyheter\/manusforfattaren-bakom-stephen-king-floppen-dark-tower\" rel=\"nofollow noopener\" target=\"_blank\">manusf\u00f6rfattaren<\/a> och <a href=\"https:\/\/www.moviezine.se\/nyheter\/stephen-king-filmen-blev-en-mardrom-for-danska-regissoren\" rel=\"nofollow noopener\" target=\"_blank\">regiss\u00f6ren<\/a> till filmen fr\u00e5n 2017. De har b\u00e5da g\u00e5tt ut och erk\u00e4nt att den var ett misslyckande.<\/p>\n<p>Som tur \u00e4r har Mike Flanagan anlitat en <a href=\"https:\/\/www.moviezine.se\/nyheter\/stephen-king-skriver-manus-till-mike-flanagans-the-dark-tower-adaption\" rel=\"nofollow noopener\" target=\"_blank\">perfekt manusf\u00f6rfattare<\/a> till sin tv-serie \u2013 Stephen King sj\u00e4lv.<\/p>\n<p>\u00c4nnu \u00e4r det inte klart n\u00e4r inspelningen drar ig\u00e5ng eller n\u00e4r tv-serien f\u00e5r premi\u00e4r.<\/p>\n<p>L\u00e4s ocks\u00e5: <a href=\"https:\/\/www.moviezine.se\/nyheter\/topp-10-basta-stephen-king-filmerna\" title=\"Stephen Kings b\u00e4sta skr\u00e4ckfilmer! 10 titlar som f\u00e5r mig att rysa av obehag\" class=\"underline-custom !font-montserrat !font-bold !underline-offset-4 !decoration-4 !decoration-moviezine-green !text-md\" rel=\"nofollow noopener\" target=\"_blank\">Stephen Kings b\u00e4sta skr\u00e4ckfilmer! 10 titlar som f\u00e5r mig att rysa av obehag<\/a><\/p>\n<p>L\u00e4s ocks\u00e5: <a href=\"https:\/\/www.moviezine.se\/nyheter\/frank-darabont-tackade-nej-till-popular-stephen-king-berattelse-for-svar-att-gora-film-av\" title=\"Frank Darabont tackade nej till popul\u00e4r Stephen King-ber\u00e4ttelse: \u201dF\u00f6r sv\u00e5r att g\u00f6ra film av\u201d\" class=\"underline-custom !font-montserrat !font-bold !underline-offset-4 !decoration-4 !decoration-moviezine-green !text-md\" rel=\"nofollow noopener\" target=\"_blank\">Frank Darabont tackade nej till popul\u00e4r Stephen King-ber\u00e4ttelse: \u201dF\u00f6r sv\u00e5r att g\u00f6ra film av\u201d<\/a><\/p>\n","protected":false},"excerpt":{"rendered":"\u201dDet m\u00f6rka tornet\u201d kan mycket v\u00e4l vara Stephen Kings allra mest ambiti\u00f6sa skapelse. Serien best\u00e5r av \u00e5tta romaner&hellip;\n","protected":false},"author":2,"featured_media":125715,"comment_status":"","ping_status":"","sticky":false,"template":"","format":"standard","meta":{"footnotes":""},"categories":[67],"tags":[104,3242,34,3707,31,33,32,30,105],"class_list":{"0":"post-125714","1":"post","2":"type-post","3":"status-publish","4":"format-standard","5":"has-post-thumbnail","7":"category-underhallning","8":"tag-entertainment","9":"tag-kommande-serier","10":"tag-se","11":"tag-stephen-king","12":"tag-svenska","13":"tag-sverige","14":"tag-sweden","15":"tag-swedish","16":"tag-underhallning"},"share_on_mastodon":{"url":"https:\/\/pubeurope.com\/@se\/115838991878222824","error":""},"_links":{"self":[{"href":"https:\/\/www.europesays.com\/se\/wp-json\/wp\/v2\/posts\/125714","targetHints":{"allow":["GET"]}}],"collection":[{"href":"https:\/\/www.europesays.com\/se\/wp-json\/wp\/v2\/posts"}],"about":[{"href":"https:\/\/www.europesays.com\/se\/wp-json\/wp\/v2\/types\/post"}],"author":[{"embeddable":true,"href":"https:\/\/www.europesays.com\/se\/wp-json\/wp\/v2\/users\/2"}],"replies":[{"embeddable":true,"href":"https:\/\/www.europesays.com\/se\/wp-json\/wp\/v2\/comments?post=125714"}],"version-history":[{"count":0,"href":"https:\/\/www.europesays.com\/se\/wp-json\/wp\/v2\/posts\/125714\/revisions"}],"wp:featuredmedia":[{"embeddable":true,"href":"https:\/\/www.europesays.com\/se\/wp-json\/wp\/v2\/media\/125715"}],"wp:attachment":[{"href":"https:\/\/www.europesays.com\/se\/wp-json\/wp\/v2\/media?parent=125714"}],"wp:term":[{"taxonomy":"category","embeddable":true,"href":"https:\/\/www.europesays.com\/se\/wp-json\/wp\/v2\/categories?post=125714"},{"taxonomy":"post_tag","embeddable":true,"href":"https:\/\/www.europesays.com\/se\/wp-json\/wp\/v2\/tags?post=125714"}],"curies":[{"name":"wp","href":"https:\/\/api.w.org\/{rel}","templated":true}]}}