{"id":125716,"date":"2026-01-04T21:42:32","date_gmt":"2026-01-04T21:42:32","guid":{"rendered":"https:\/\/www.europesays.com\/se\/125716\/"},"modified":"2026-01-04T21:42:32","modified_gmt":"2026-01-04T21:42:32","slug":"straffas-efter-filmningen-jag-tappar-balansen","status":"publish","type":"post","link":"https:\/\/www.europesays.com\/se\/125716\/","title":{"rendered":"Straffas efter filmningen: &#8221;Jag tappar balansen&#8221;"},"content":{"rendered":"<p><strong><a href=\"https:\/\/hockeysverige.se\/spelare\/andreas-johnson\" rel=\"nofollow noopener\" target=\"_blank\">Andreas Johnson<\/a> fick utvisning f\u00f6r \u201ddiving\u201d i g\u00e5rdagens match mellan <a href=\"https:\/\/hockeysverige.se\/klubb\/farjestad-bk\" rel=\"nofollow noopener\" target=\"_blank\">F\u00e4rjestad<\/a> och <a href=\"https:\/\/hockeysverige.se\/klubb\/skelleftea-aik\" rel=\"nofollow noopener\" target=\"_blank\">Skellefte\u00e5<\/a>.<br \/>Nu straffas han ocks\u00e5 av disciplinn\u00e4mnden och tvingas b\u00f6ta efter filmningen. <\/strong><br \/><strong>\u2013 N\u00e4r jag ser klippet ser jag inget onaturligt i fallet, s\u00e4ger Johnson sj\u00e4lv. <\/strong><\/p>\n<p><img loading=\"lazy\" decoding=\"async\" width=\"1024\" height=\"658\" src=\"https:\/\/www.europesays.com\/se\/wp-content\/uploads\/2026\/01\/Johnson-filmning-1024x658.webp.webp\" alt=\"Andreas Johnson. Skellefte\u00e5.\" class=\"wp-image-341579\"  \/>Andreas Johnson straffas med b\u00f6ter f\u00f6r filmningen. <strong>Foto: <\/strong>Fredrik Karlsson\/Bildbyr\u00e5n &amp; SHL\/Sk\u00e4rmdump<\/p>\n<p>Det blev en st\u00f6kig match i <a href=\"https:\/\/hockeysverige.se\/shl\" rel=\"nofollow noopener\" target=\"_blank\">SHL<\/a> mellan F\u00e4rjestad och Skellefte\u00e5 under g\u00e5rdagen. Det ledde till att tre spelare anm\u00e4ldes till disciplinn\u00e4mnden under s\u00f6ndagen. Emil Alba och Max Krogdahl anm\u00e4ldes efter sitt slagsm\u00e5l, och <a href=\"https:\/\/hockeysverige.se\/shl\/max-krogdahl-emil-alba-stangs-av-slagsmal-farjestad-skelleftea\/\" rel=\"nofollow noopener\" target=\"_blank\">st\u00e4ngdes sedan ocks\u00e5 av i tv\u00e5 matcher<\/a>, medan Skellefte\u00e5-forwarden Andreas Johnson <a href=\"https:\/\/hockeysverige.se\/shl\/andreas-johnson-max-krogdahl-emil-alba-anmals-disciplinnamnden\/\" rel=\"nofollow noopener\" target=\"_blank\">anm\u00e4ldes f\u00f6r filmning<\/a>.<\/p>\n<p>Det var i b\u00f6rjan av tredje perioden som Johnson blev utvisad f\u00f6r \u201ddiving\u201d. Han \u00e5kte i en duell med FBK-backen Axel Bergkvist i F\u00e4rjestads defensiva zon och i en n\u00e4rkamp hakar Bergkvist  upp Johnson. Skellefte\u00e5-spelaren sl\u00e4nger sig d\u00e5 och ligger rakl\u00e5ng i luften innan han faller till isen. Domaren, som stod bara n\u00e5gon meter fr\u00e5n situationen, valde att utvisa b\u00e5de Bergkvist och Johnson. <\/p>\n<p>Efter utvisningen och anm\u00e4lningen har domen nu kommit mot Andreas Johnson<\/p>\n<blockquote class=\"instagram-media\" data-instgrm-captioned=\"\" data-instgrm-permalink=\"https:\/\/www.instagram.com\/reel\/DTDh0xsApbD\/?utm_source=ig_embed&amp;utm_campaign=loading\" data-instgrm-version=\"14\" style=\" background:#FFF; border:0; border-radius:3px; box-shadow:0 0 1px 0 rgba(0,0,0,0.5),0 1px 10px 0 rgba(0,0,0,0.15); margin: 1px; max-width:540px; min-width:326px; padding:0; width:99.375%; width:-webkit-calc(100% - 2px); width:calc(100% - 2px);\"\/>\n<p>Andreas Johnson b\u00f6tf\u00e4lls efter filmningen<\/p>\n<p><a href=\"https:\/\/www.shl.se\/article\/3qiat8b-403dd\/view\" rel=\"nofollow noopener\" target=\"_blank\">Disciplinn\u00e4mnden meddelar<\/a> att Andreas Johnson har gjort sig skyldig till en filmning. D\u00e4rf\u00f6r straffas forwarden med 5 000 kronor i b\u00f6ter. Andreas Johnson sl\u00e5r d\u00e4remot ifr\u00e5n sig och menar att han inte filmar i situationen. <\/p>\n<p>\u2013 Jag kommer i h\u00f6g fart och f\u00f6rs\u00f6ker komma f\u00f6rbi backen. Jag tappar sk\u00e4ret p\u00e5 min v\u00e4nstra skridsko och faller d\u00e4rf\u00f6r i duellen. Jag f\u00f6rs\u00f6ker ta mig f\u00f6rbi och har absolut ingen avsikt att vare sig ramla eller f\u00f6rst\u00e4rka situationen. N\u00e4r jag ser klippet s\u00e5 ser jag heller inget onaturligt i fallet. Jag borde inte bestraffas f\u00f6r att jag tappar balansen i en duell, s\u00e4ger Johnson i ett yttrande till disciplinn\u00e4mnden. <\/p>\n<p>Det \u00e4r andra g\u00e5ngen den h\u00e4r s\u00e4songen som Andreas Johnson straffas med b\u00f6ter av discplinn\u00e4mnden. I september tvingas han ocks\u00e5 b\u00f6ta 5 000 kronor f\u00f6r att <a href=\"https:\/\/hockeysverige.se\/shl\/andreas-johnson-spelade-utan-tandskydd-tvingas-bota-shl\/\" rel=\"nofollow noopener\" target=\"_blank\">inte ha burit tandskydd<\/a> i en match mot \u00d6rebro. <\/p>\n<p> Source: <a href=\"https:\/\/www.eliteprospects.com\/player\/43991\/andreas-johnsson\" target=\"_blank\" rel=\"noopener noreferrer nofollow\">Andreas Johnsson<\/a> @ Elite Prospects<\/p>\n<p><script async src=\"\/\/www.instagram.com\/embed.js\"><\/script><\/p>\n","protected":false},"excerpt":{"rendered":"Andreas Johnson fick utvisning f\u00f6r \u201ddiving\u201d i g\u00e5rdagens match mellan F\u00e4rjestad och Skellefte\u00e5.Nu straffas han ocks\u00e5 av disciplinn\u00e4mnden&hellip;\n","protected":false},"author":2,"featured_media":125717,"comment_status":"","ping_status":"","sticky":false,"template":"","format":"standard","meta":{"footnotes":""},"categories":[5],"tags":[22,23,26,27,17,21,24,25,28,29,15,16,18,34,133,134,31,33,32,30,19,20],"class_list":{"0":"post-125716","1":"post","2":"type-post","3":"status-publish","4":"format-standard","5":"has-post-thumbnail","7":"category-rubriker","8":"tag-breaking-news","9":"tag-breakingnews","10":"tag-featured-news","11":"tag-featurednews","12":"tag-headlines","13":"tag-huvudnyheter","14":"tag-latest-news","15":"tag-latestnews","16":"tag-main-news","17":"tag-mainnews","18":"tag-news","19":"tag-nyheter","20":"tag-rubriker","21":"tag-se","22":"tag-second-news","23":"tag-shl","24":"tag-svenska","25":"tag-sverige","26":"tag-sweden","27":"tag-swedish","28":"tag-top-stories","29":"tag-topstories"},"share_on_mastodon":{"url":"https:\/\/pubeurope.com\/@se\/115839011582808337","error":""},"_links":{"self":[{"href":"https:\/\/www.europesays.com\/se\/wp-json\/wp\/v2\/posts\/125716","targetHints":{"allow":["GET"]}}],"collection":[{"href":"https:\/\/www.europesays.com\/se\/wp-json\/wp\/v2\/posts"}],"about":[{"href":"https:\/\/www.europesays.com\/se\/wp-json\/wp\/v2\/types\/post"}],"author":[{"embeddable":true,"href":"https:\/\/www.europesays.com\/se\/wp-json\/wp\/v2\/users\/2"}],"replies":[{"embeddable":true,"href":"https:\/\/www.europesays.com\/se\/wp-json\/wp\/v2\/comments?post=125716"}],"version-history":[{"count":0,"href":"https:\/\/www.europesays.com\/se\/wp-json\/wp\/v2\/posts\/125716\/revisions"}],"wp:featuredmedia":[{"embeddable":true,"href":"https:\/\/www.europesays.com\/se\/wp-json\/wp\/v2\/media\/125717"}],"wp:attachment":[{"href":"https:\/\/www.europesays.com\/se\/wp-json\/wp\/v2\/media?parent=125716"}],"wp:term":[{"taxonomy":"category","embeddable":true,"href":"https:\/\/www.europesays.com\/se\/wp-json\/wp\/v2\/categories?post=125716"},{"taxonomy":"post_tag","embeddable":true,"href":"https:\/\/www.europesays.com\/se\/wp-json\/wp\/v2\/tags?post=125716"}],"curies":[{"name":"wp","href":"https:\/\/api.w.org\/{rel}","templated":true}]}}