{"id":125720,"date":"2026-01-04T21:45:36","date_gmt":"2026-01-04T21:45:36","guid":{"rendered":"https:\/\/www.europesays.com\/se\/125720\/"},"modified":"2026-01-04T21:45:36","modified_gmt":"2026-01-04T21:45:36","slug":"amanda-romare-ger-ut-nya-boken-judas-2","status":"publish","type":"post","link":"https:\/\/www.europesays.com\/se\/125720\/","title":{"rendered":"Amanda Romare ger ut nya boken Judas"},"content":{"rendered":"<p class=\"long-read-first-paragraph\">&#8221;Jag har precis varit hos frissan och fixat den h\u00e4r&#8221;, s\u00e4ger Amanda Romare och h\u00e5ller fram en ljus fl\u00e4ta.N\u00e4r vi h\u00f6rs f\u00f6rsta g\u00e5ngen sitter hon p\u00e5 s\u00e4ngen i ett hotellrum i Stockholm. Om n\u00e5gra timmar ska hon p\u00e5 Nobelmiddagen. I bakgrunden syr systern Adina de sista stygnen p\u00e5 kl\u00e4nningen.\u2013 N\u00e4r jag fick fr\u00e5gan t\u00e4nkte jag &#8221;Fan vad kul!&#8221; Sedan f\u00f6rstod jag att det inte var s\u00e5 <\/p>\n","protected":false},"excerpt":{"rendered":"&#8221;Jag har precis varit hos frissan och fixat den h\u00e4r&#8221;, s\u00e4ger Amanda Romare och h\u00e5ller fram en ljus&hellip;\n","protected":false},"author":2,"featured_media":125097,"comment_status":"","ping_status":"","sticky":false,"template":"","format":"standard","meta":{"footnotes":""},"categories":[67],"tags":[104,34,31,33,32,30,105],"class_list":{"0":"post-125720","1":"post","2":"type-post","3":"status-publish","4":"format-standard","5":"has-post-thumbnail","7":"category-underhallning","8":"tag-entertainment","9":"tag-se","10":"tag-svenska","11":"tag-sverige","12":"tag-sweden","13":"tag-swedish","14":"tag-underhallning"},"share_on_mastodon":{"url":"https:\/\/pubeurope.com\/@se\/115839023342506283","error":""},"_links":{"self":[{"href":"https:\/\/www.europesays.com\/se\/wp-json\/wp\/v2\/posts\/125720","targetHints":{"allow":["GET"]}}],"collection":[{"href":"https:\/\/www.europesays.com\/se\/wp-json\/wp\/v2\/posts"}],"about":[{"href":"https:\/\/www.europesays.com\/se\/wp-json\/wp\/v2\/types\/post"}],"author":[{"embeddable":true,"href":"https:\/\/www.europesays.com\/se\/wp-json\/wp\/v2\/users\/2"}],"replies":[{"embeddable":true,"href":"https:\/\/www.europesays.com\/se\/wp-json\/wp\/v2\/comments?post=125720"}],"version-history":[{"count":0,"href":"https:\/\/www.europesays.com\/se\/wp-json\/wp\/v2\/posts\/125720\/revisions"}],"wp:featuredmedia":[{"embeddable":true,"href":"https:\/\/www.europesays.com\/se\/wp-json\/wp\/v2\/media\/125097"}],"wp:attachment":[{"href":"https:\/\/www.europesays.com\/se\/wp-json\/wp\/v2\/media?parent=125720"}],"wp:term":[{"taxonomy":"category","embeddable":true,"href":"https:\/\/www.europesays.com\/se\/wp-json\/wp\/v2\/categories?post=125720"},{"taxonomy":"post_tag","embeddable":true,"href":"https:\/\/www.europesays.com\/se\/wp-json\/wp\/v2\/tags?post=125720"}],"curies":[{"name":"wp","href":"https:\/\/api.w.org\/{rel}","templated":true}]}}