{"id":125721,"date":"2026-01-04T21:52:07","date_gmt":"2026-01-04T21:52:07","guid":{"rendered":"https:\/\/www.europesays.com\/se\/125721\/"},"modified":"2026-01-04T21:52:07","modified_gmt":"2026-01-04T21:52:07","slug":"alexander-wennberg-forlanger-med-san-jose-sharks-nhl","status":"publish","type":"post","link":"https:\/\/www.europesays.com\/se\/125721\/","title":{"rendered":"Alexander Wennberg f\u00f6rl\u00e4nger med San Jose Sharks | NHL"},"content":{"rendered":"<p>Publicerad 4 jan 2026 kl 21.49Uppdaterad kl 22.38<\/p>\n<p>En dr\u00f6mvecka avslutas p\u00e5 b\u00e4sta s\u00e4tt.<\/p>\n<p>Efter att ha f\u00e5tt plats i Tre Kronors OS-trupp f\u00f6rl\u00e4nger nu Alexander Wennberg med San Jose Sharks.<\/p>\n<p>\u2013 S\u00e5 glad att vara h\u00e4r, s\u00e4ger svensken.<\/p>\n<p><img   alt=\"\"\/><\/p>\n<p>Alexander Wennberg.<\/p>\n<p>Foto: Claudio Bresciani\/TT \/ TT NYHETSBYR\u00c5N<\/p>\n<p>\u00d6ppna bild i helsk\u00e4rm<\/p>\n<p><a href=\"https:\/\/www.expressen.se\/tagg\/person\/alexander-wennberg\/\" class=\"\" rel=\"nofollow noopener\" target=\"_blank\">Alexander Wennberg<\/a> var ett av de mer ov\u00e4ntade namnen i den trupp som Sverige tog ut till OS i fredags.<\/p>\n<p>Nu forts\u00e4tter 31-\u00e5ringens fina vecka.<\/p>\n<p>Forwarden har f\u00f6rl\u00e4ngt sitt kontrakt med San Jose Sharks med tre \u00e5r. Avtalet \u00e4r v\u00e4rt 18 miljoner dollar, motsvarande drygt 166 miljoner kronor.<\/p>\n<p>\u2013 Supertaggad att vara en del av den h\u00e4r organisationen i tre \u00e5r till. S\u00e5 glad att vara h\u00e4r, och g\u00f6ra Bay Area till mitt andra hem. Ser verkligen fram emot det som v\u00e4ntar, s\u00e4ger han i en video p\u00e5 X.<\/p>\n<p>Wennberg har gjort 26 po\u00e4ng (7+19) f\u00f6r sitt San Jose denna s\u00e4song. Totalt har han gjort \u00f6ver 800 matcher i NHL och representerat lag som New York Rangers, Seattle Kraken, Florida Panthers och Columbus Blue Jackets.<\/p>\n<p><a href=\"https:\/\/x.com\/SanJoseSharks\/status\/2007913990945649036?s=20\" data-provider=\"twitter\" class=\"js-social-embed\" rel=\"nofollow\">https:\/\/x.com\/SanJoseSharks\/status\/2007913990945649036?s=20<\/a><\/p>\n","protected":false},"excerpt":{"rendered":"Publicerad 4 jan 2026 kl 21.49Uppdaterad kl 22.38 En dr\u00f6mvecka avslutas p\u00e5 b\u00e4sta s\u00e4tt. Efter att ha f\u00e5tt&hellip;\n","protected":false},"author":2,"featured_media":125722,"comment_status":"","ping_status":"","sticky":false,"template":"","format":"standard","meta":{"footnotes":""},"categories":[68],"tags":[421,4807,13094,34,255,256,111,110,31,33,32,30],"class_list":{"0":"post-125721","1":"post","2":"type-post","3":"status-publish","4":"format-standard","5":"has-post-thumbnail","7":"category-sport","8":"tag-organization-nhl","9":"tag-organization-san-jose-sharks","10":"tag-person-alexander-wennberg","11":"tag-se","12":"tag-sections-ishockey","13":"tag-sections-nhl","14":"tag-sport","15":"tag-sports","16":"tag-svenska","17":"tag-sverige","18":"tag-sweden","19":"tag-swedish"},"share_on_mastodon":{"url":"https:\/\/pubeurope.com\/@se\/115839050887233724","error":""},"_links":{"self":[{"href":"https:\/\/www.europesays.com\/se\/wp-json\/wp\/v2\/posts\/125721","targetHints":{"allow":["GET"]}}],"collection":[{"href":"https:\/\/www.europesays.com\/se\/wp-json\/wp\/v2\/posts"}],"about":[{"href":"https:\/\/www.europesays.com\/se\/wp-json\/wp\/v2\/types\/post"}],"author":[{"embeddable":true,"href":"https:\/\/www.europesays.com\/se\/wp-json\/wp\/v2\/users\/2"}],"replies":[{"embeddable":true,"href":"https:\/\/www.europesays.com\/se\/wp-json\/wp\/v2\/comments?post=125721"}],"version-history":[{"count":0,"href":"https:\/\/www.europesays.com\/se\/wp-json\/wp\/v2\/posts\/125721\/revisions"}],"wp:featuredmedia":[{"embeddable":true,"href":"https:\/\/www.europesays.com\/se\/wp-json\/wp\/v2\/media\/125722"}],"wp:attachment":[{"href":"https:\/\/www.europesays.com\/se\/wp-json\/wp\/v2\/media?parent=125721"}],"wp:term":[{"taxonomy":"category","embeddable":true,"href":"https:\/\/www.europesays.com\/se\/wp-json\/wp\/v2\/categories?post=125721"},{"taxonomy":"post_tag","embeddable":true,"href":"https:\/\/www.europesays.com\/se\/wp-json\/wp\/v2\/tags?post=125721"}],"curies":[{"name":"wp","href":"https:\/\/api.w.org\/{rel}","templated":true}]}}