{"id":125723,"date":"2026-01-04T22:00:07","date_gmt":"2026-01-04T22:00:07","guid":{"rendered":"https:\/\/www.europesays.com\/se\/125723\/"},"modified":"2026-01-04T22:00:07","modified_gmt":"2026-01-04T22:00:07","slug":"forlust-efter-forlangning-mot-djurgarden","status":"publish","type":"post","link":"https:\/\/www.europesays.com\/se\/125723\/","title":{"rendered":"F\u00f6rlust efter f\u00f6rl\u00e4ngning mot Djurg\u00e5rden"},"content":{"rendered":"<p class=\"paragraph text-left\"> Med ett flertal spelare iv\u00e4g p\u00e5 U18-VM fick juniorerna Disa Carlsson och Filippa Fernstr\u00f6m chansen, d\u00e4r den sistn\u00e4mnda gjorde SDHL-debut.\u00a0 <\/p>\n<p class=\"paragraph text-left\"> Efter bara 30 sekunder \u00e5drog vi oss matchens f\u00f6rsta utvisning, men vi redde ut situationen genom ett bra boxplay-spel. N\u00e5gra minuter senare fick vi chansen i powerplay och skapade flera farliga m\u00f6jligheter, men Djurg\u00e5rden stod emot.\u00a0 <\/p>\n<p class=\"paragraph text-left\"> Djurg\u00e5rden spelade disciplinerat och gjorde det sv\u00e5rt f\u00f6r oss matchen igenom. <\/p>\n<p class=\"paragraph text-left\"> Och det var g\u00e4sterna som tog ledningen efter 8:28, d\u00e5 ett skott styrdes in bakom Kl\u00e1ra Peslarov\u00e1. Det blev periodens enda m\u00e5l i en j\u00e4mn och tajt f\u00f6rstaperiod d\u00e4r vi vann skotten med 8\u20137. <\/p>\n<p class=\"paragraph text-left\"> I den andra perioden kom vi ut med mer fart och tog initiativet i spelet. Vi fick tv\u00e5 m\u00f6jligheter i powerplay, men utan utdelning.\u00a0 <\/p>\n<p class=\"paragraph text-left\"> D\u00e4refter etablerade vi ett tydligare tryck i Djurg\u00e5rdens zon och skapade flera l\u00e4gen, men m\u00e5len uteblev och perioden slutade m\u00e5ll\u00f6s. <\/p>\n<p class=\"paragraph text-left\"> Trycket fortsatte i den tredje perioden och efter n\u00e4rmare sju minuters spel kom den efterl\u00e4ngtade kvitteringen. Mina Waxin gjorde 1\u20131 och noterades d\u00e4rmed f\u00f6r sitt fj\u00e4rde m\u00e5l f\u00f6r s\u00e4songen.\u00a0 <\/p>\n<p class=\"paragraph text-left\"> M\u00e5let gav oss energi och vi jagade ett ledningsm\u00e5l. <\/p>\n<p class=\"paragraph text-left\"> Med cirka fyra minuter kvar fick g\u00e4sterna chansen i powerplay, ett potentiellt avg\u00f6rande l\u00e4ge, men vi stod emot starkt.\u00a0 <\/p>\n<p class=\"paragraph text-left\"> Matchen gick till f\u00f6rl\u00e4ngning. <\/p>\n<p class=\"paragraph text-left\"> I \u00f6vertiden sv\u00e4ngde spelet fram och tillbaka med chanser f\u00f6r b\u00e5da lagen, men Djurg\u00e5rden lyckades till slut avg\u00f6ra och ta extrapo\u00e4ngen. <\/p>\n<p class=\"paragraph text-left\"> <strong>Vi tar nya tag redan p\u00e5 onsdag 7\/1 n\u00e4r HV71 g\u00e4star Monitor ERP Arena. Nedsl\u00e4pp \u00e4r klockan 18:00 och <\/strong><a target=\"_blank\" href=\"https:\/\/biljett.brynas.se\/sv\/vd8ffptn41knb1j\/selectevent\" rel=\"nofollow noopener\">biljetter hittar du h\u00e4r.<\/a> <\/p>\n<p class=\"paragraph text-left\"> <strong>Denna match \u00e4r framflyttad fr\u00e5n den 11\/1 p\u00e5 grund av hemmamatch i CHL den 13\/1.<\/strong> <\/p>\n<p>Matchfakta<\/p>\n<p class=\"paragraph text-left\"> <strong>Bryn\u00e4s\u2013Djurg\u00e5rden <\/strong>1\u20132 e f\u00f6rl. (0\u20131, 0\u20130, 1\u20130, 0\u20131) <\/p>\n<p class=\"paragraph text-left\"> <strong>F\u00f6rsta perioden:<\/strong>\u00a00\u20131 (8.28) Brette Pettet (Wilma Georgny, Alice \u00d6stensson). <\/p>\n<p class=\"paragraph text-left\"> <strong>Tredje perioden: <\/strong>1\u20131 (6.56) Mina Waxin (Jenniina Nylund, Hanna Thuvik). <\/p>\n<p class=\"paragraph text-left\"> <strong>F\u00f6rl\u00e4ngning:\u00a0<\/strong>1\u20132 (2.36) Charlotte Akervik (Tiffany Hill, Linda Vocetkova). <\/p>\n<p class=\"paragraph text-left\"> <strong>Skott:\u00a0<\/strong>32\u201325 (8\u20137, 8\u20135, 14\u201310, 2\u20133). <\/p>\n<p class=\"paragraph text-left\"> <strong>Utvisningar,<\/strong>\u00a0BIF:\u00a02\u00d72 min.\u00a0DIF:\u00a03\u00d72 min. <\/p>\n<p class=\"paragraph text-left\"> <strong>Publik:<\/strong>\u00a0245. <\/p>\n","protected":false},"excerpt":{"rendered":"Med ett flertal spelare iv\u00e4g p\u00e5 U18-VM fick juniorerna Disa Carlsson och Filippa Fernstr\u00f6m chansen, d\u00e4r den sistn\u00e4mnda&hellip;\n","protected":false},"author":2,"featured_media":125724,"comment_status":"","ping_status":"","sticky":false,"template":"","format":"standard","meta":{"footnotes":""},"categories":[68],"tags":[34,111,110,31,33,32,30],"class_list":{"0":"post-125723","1":"post","2":"type-post","3":"status-publish","4":"format-standard","5":"has-post-thumbnail","7":"category-sport","8":"tag-se","9":"tag-sport","10":"tag-sports","11":"tag-svenska","12":"tag-sverige","13":"tag-sweden","14":"tag-swedish"},"share_on_mastodon":{"url":"https:\/\/pubeurope.com\/@se\/115839082367681459","error":""},"_links":{"self":[{"href":"https:\/\/www.europesays.com\/se\/wp-json\/wp\/v2\/posts\/125723","targetHints":{"allow":["GET"]}}],"collection":[{"href":"https:\/\/www.europesays.com\/se\/wp-json\/wp\/v2\/posts"}],"about":[{"href":"https:\/\/www.europesays.com\/se\/wp-json\/wp\/v2\/types\/post"}],"author":[{"embeddable":true,"href":"https:\/\/www.europesays.com\/se\/wp-json\/wp\/v2\/users\/2"}],"replies":[{"embeddable":true,"href":"https:\/\/www.europesays.com\/se\/wp-json\/wp\/v2\/comments?post=125723"}],"version-history":[{"count":0,"href":"https:\/\/www.europesays.com\/se\/wp-json\/wp\/v2\/posts\/125723\/revisions"}],"wp:featuredmedia":[{"embeddable":true,"href":"https:\/\/www.europesays.com\/se\/wp-json\/wp\/v2\/media\/125724"}],"wp:attachment":[{"href":"https:\/\/www.europesays.com\/se\/wp-json\/wp\/v2\/media?parent=125723"}],"wp:term":[{"taxonomy":"category","embeddable":true,"href":"https:\/\/www.europesays.com\/se\/wp-json\/wp\/v2\/categories?post=125723"},{"taxonomy":"post_tag","embeddable":true,"href":"https:\/\/www.europesays.com\/se\/wp-json\/wp\/v2\/tags?post=125723"}],"curies":[{"name":"wp","href":"https:\/\/api.w.org\/{rel}","templated":true}]}}