{"id":125759,"date":"2026-01-04T23:28:12","date_gmt":"2026-01-04T23:28:12","guid":{"rendered":"https:\/\/www.europesays.com\/se\/125759\/"},"modified":"2026-01-04T23:28:12","modified_gmt":"2026-01-04T23:28:12","slug":"funktionsnedsatta-valdtogs-av-sexbrottsliga-i-varmland","status":"publish","type":"post","link":"https:\/\/www.europesays.com\/se\/125759\/","title":{"rendered":"Funktionsnedsatta v\u00e5ldtogs av sexbrottsliga i V\u00e4rmland"},"content":{"rendered":"<p>Flera intellektuellt funktionsnedsatta m\u00e4n och kvinnor misst\u00e4nks under minst tv\u00e5 \u00e5rs tid ha utsatts f\u00f6r grova sexuella \u00f6vergrepp och romansbedr\u00e4gerier av ett kompisg\u00e4ng med bas i V\u00e4rmland.\u00a0<\/p>\n<p>I ett videosamtal uppmanar sexbrottsligan en kvinna att f\u00f6ra in en feferoni och pizzabitar i sitt k\u00f6nsorgan.<\/p>\n<p>\u2013 Jag kommer hamna i helvetet. Men jag har haft roligt p\u00e5 jorden i alla fall, s\u00e4ger en av de \u00e5talade m\u00e4nnen under ett av \u00f6vergreppen \u2013\u00a0och gapskrattar. \u00a0<\/p>\n<p>Fyra m\u00e4n och fyra unga kvinnor riskerar nu l\u00e5nga f\u00e4ngelsestraff.<\/p>\n","protected":false},"excerpt":{"rendered":"Flera intellektuellt funktionsnedsatta m\u00e4n och kvinnor misst\u00e4nks under minst tv\u00e5 \u00e5rs tid ha utsatts f\u00f6r grova sexuella \u00f6vergrepp&hellip;\n","protected":false},"author":2,"featured_media":125760,"comment_status":"","ping_status":"","sticky":false,"template":"","format":"standard","meta":{"footnotes":""},"categories":[12],"tags":[22,23,26,27,17,21,24,25,28,29,15,16,103,18,34,666,31,33,32,30,19,136,1242,20],"class_list":{"0":"post-125759","1":"post","2":"type-post","3":"status-publish","4":"format-standard","5":"has-post-thumbnail","7":"category-sverige","8":"tag-breaking-news","9":"tag-breakingnews","10":"tag-featured-news","11":"tag-featurednews","12":"tag-headlines","13":"tag-huvudnyheter","14":"tag-latest-news","15":"tag-latestnews","16":"tag-main-news","17":"tag-mainnews","18":"tag-news","19":"tag-nyheter","20":"tag-premium","21":"tag-rubriker","22":"tag-se","23":"tag-sections-krim","24":"tag-svenska","25":"tag-sverige","26":"tag-sweden","27":"tag-swedish","28":"tag-top-stories","29":"tag-topic-rattegangar-domar","30":"tag-topic-sexualbrott","31":"tag-topstories"},"share_on_mastodon":{"url":"https:\/\/pubeurope.com\/@se\/115839428421560339","error":""},"_links":{"self":[{"href":"https:\/\/www.europesays.com\/se\/wp-json\/wp\/v2\/posts\/125759","targetHints":{"allow":["GET"]}}],"collection":[{"href":"https:\/\/www.europesays.com\/se\/wp-json\/wp\/v2\/posts"}],"about":[{"href":"https:\/\/www.europesays.com\/se\/wp-json\/wp\/v2\/types\/post"}],"author":[{"embeddable":true,"href":"https:\/\/www.europesays.com\/se\/wp-json\/wp\/v2\/users\/2"}],"replies":[{"embeddable":true,"href":"https:\/\/www.europesays.com\/se\/wp-json\/wp\/v2\/comments?post=125759"}],"version-history":[{"count":0,"href":"https:\/\/www.europesays.com\/se\/wp-json\/wp\/v2\/posts\/125759\/revisions"}],"wp:featuredmedia":[{"embeddable":true,"href":"https:\/\/www.europesays.com\/se\/wp-json\/wp\/v2\/media\/125760"}],"wp:attachment":[{"href":"https:\/\/www.europesays.com\/se\/wp-json\/wp\/v2\/media?parent=125759"}],"wp:term":[{"taxonomy":"category","embeddable":true,"href":"https:\/\/www.europesays.com\/se\/wp-json\/wp\/v2\/categories?post=125759"},{"taxonomy":"post_tag","embeddable":true,"href":"https:\/\/www.europesays.com\/se\/wp-json\/wp\/v2\/tags?post=125759"}],"curies":[{"name":"wp","href":"https:\/\/api.w.org\/{rel}","templated":true}]}}