{"id":125767,"date":"2026-01-04T23:37:14","date_gmt":"2026-01-04T23:37:14","guid":{"rendered":"https:\/\/www.europesays.com\/se\/125767\/"},"modified":"2026-01-04T23:37:14","modified_gmt":"2026-01-04T23:37:14","slug":"nytt-kabelbrott-den-har-gangen-nara-lettlands-kust-utrikes","status":"publish","type":"post","link":"https:\/\/www.europesays.com\/se\/125767\/","title":{"rendered":"Nytt kabelbrott \u2013 den h\u00e4r g\u00e5ngen n\u00e4ra Lettlands kust | Utrikes"},"content":{"rendered":"<p class=\"aw-1gybjub aw-5vja16 kEtdKx kmuxyA yle__article__paragraph\">Nyheten kommer bara n\u00e5gra dagar efter att en datakabel i Finska viken skadades.<\/p>\n<p><img decoding=\"async\" alt=\"Karta \u00f6ver de baltiska l\u00e4nderna med staden Liep\u0101ja utm\u00e4rkt.\" src=\"https:\/\/www.europesays.com\/se\/wp-content\/uploads\/2026\/01\/39-1576979695abf7eeecd5.jpeg\" class=\"aw-1l9m598 hKVVvP\"\/><\/p>\n<p>\u00d6ppna bildvisare<\/p>\n<p>Kabelskadan ska ha skett n\u00e4ra Liep\u0101ja i Lettland. Bild: Sarah L\u00f6nnqvist \/ Yle, Mapcreator, OpenStreetMapLyssna (du h\u00f6r en artificiell r\u00f6st) 1:47<\/p>\n<p class=\"aw-1gybjub aw-1p7kakr kEtdKx cEmitX yle__article__paragraph\">En skada har uppt\u00e4ckts p\u00e5 en datakabel i \u00d6stersj\u00f6n, uppger Lettlands premi\u00e4rminister <a class=\"aw-iao6s4 iHOxEa yle__article__link\" href=\"https:\/\/x.com\/EvikaSilina\" role=\"link\" rel=\"nofollow\"><strong class=\"aw-ak79eh KyCXm yle__article__strong\">Evika Sili\u0146a<\/strong> p\u00e5 X<\/a>. Kabeln ska \u00e4gas av ett privat f\u00f6retag.<\/p>\n<p class=\"aw-1gybjub aw-1p7kakr kEtdKx cEmitX yle__article__paragraph\">Enligt premi\u00e4rministern har skadan inte p\u00e5verkat lettiska konsumenter. Hon uppger att kabeln skadats utanf\u00f6r kuststaden Liep\u0101ja i Lettland.<\/p>\n<p class=\"aw-1gybjub aw-1p7kakr kEtdKx cEmitX yle__article__paragraph\">Hon skriver att hon har kontakt med ber\u00f6rda myndigheter och att omst\u00e4ndigheterna kring h\u00e4ndelsen utreds.<\/p>\n<p><img decoding=\"async\" alt=\"Evika Sili\u0146a i en intervjusituatin, v\u00e4nd snett mot kameran.\" src=\"https:\/\/www.europesays.com\/se\/wp-content\/uploads\/2026\/01\/39-1570524694121a6e7631.jpeg\" loading=\"lazy\" class=\"aw-1l9m598 hKVVvP\"\/><\/p>\n<p>\u00d6ppna bildvisare<\/p>\n<p>Premi\u00e4rminister Evika Sili\u0146a n\u00e4r hon bes\u00f6kte Helsingfors i december. Bild: Henrietta Hassinen \/ Yle<\/p>\n<p class=\"aw-1gybjub aw-1p7kakr kEtdKx cEmitX yle__article__paragraph\">Kabeln g\u00e5r mellan Litauen och Lettland, och skadan ska ha intr\u00e4ffat p\u00e5 lettiskt territorialvatten.<\/p>\n<p>Bordade fartyg<\/p>\n<p class=\"aw-1gybjub aw-1p7kakr kEtdKx cEmitX yle__article__paragraph\">De lettiska myndigheterna uppger att de bordat ett fartyg p\u00e5 s\u00f6ndagskv\u00e4llen men inte beslagtagit det eller gripit n\u00e5gon. Fartyget uppges vara i hamnen i Liep\u0101ja.<\/p>\n<p class=\"aw-1gybjub aw-1p7kakr kEtdKx cEmitX yle__article__paragraph\">\u201dJust nu har varken fartyget beslagtagits eller dess bes\u00e4ttning gripits. De samarbetar med polisen och det aktiva arbetet med att utreda omst\u00e4ndigheterna forts\u00e4tter\u201d, skriver lettiska polisen p\u00e5 X.<\/p>\n<p class=\"aw-1gybjub aw-1p7kakr kEtdKx cEmitX yle__article__paragraph\">Polisen misst\u00e4nker att fartyget r\u00f6rt sig \u00f6ver kabeln.<\/p>\n<p>Tros ha h\u00e4nt i fredags<\/p>\n<p class=\"aw-1gybjub aw-1p7kakr kEtdKx cEmitX yle__article__paragraph\"><strong class=\"aw-ak79eh KyCXm yle__article__strong\">Arvis Z\u012ble<\/strong>, direkt\u00f6r vid Lettlands krishanteringscentral, s\u00e4ger enligt lettisk tv att de lettiska myndigheterna informerades av litauiska myndigheter om en eventuell kabelskada p\u00e5 l\u00f6rdagen och att skadan bekr\u00e4ftades p\u00e5 s\u00f6ndagen.<\/p>\n<p class=\"aw-1gybjub aw-1p7kakr kEtdKx cEmitX yle__article__paragraph\">Skadan ska enligt polisen ha intr\u00e4ffat redan i fredags.<\/p>\n<p class=\"aw-1gybjub aw-1p7kakr kEtdKx cEmitX yle__article__paragraph\">Enligt ett uttalande fr\u00e5n centralen \u00e4r det fortfarande oklart vad som orsakade skadan.<\/p>\n<p class=\"aw-1gybjub aw-1p7kakr kEtdKx cEmitX yle__article__paragraph\">Nyheten om kabelskadan kommer bara fem dagar efter att finska myndigheter <a class=\"aw-iao6s4 iHOxEa yle__article__link\" href=\"https:\/\/yle.fi\/a\/7-10090826\" role=\"link\" rel=\"nofollow noopener\" target=\"_blank\">beslagtog lastfartyget Fitburg<\/a>, som misst\u00e4nks ha skadat en datakabel mellan Finland och Estland.<\/p>\n<p class=\"aw-1gybjub aw-1p7kakr kEtdKx cEmitX yle__article__paragraph\">K\u00e4lla: Reuters<\/p>\n","protected":false},"excerpt":{"rendered":"Nyheten kommer bara n\u00e5gra dagar efter att en datakabel i Finska viken skadades. \u00d6ppna bildvisare Kabelskadan ska ha&hellip;\n","protected":false},"author":2,"featured_media":125768,"comment_status":"","ping_status":"","sticky":false,"template":"","format":"standard","meta":{"footnotes":""},"categories":[5],"tags":[5827,22,23,5584,13059,13095,26,27,17,21,24,25,11513,28,29,15,16,1647,18,34,31,33,32,30,19,20,237],"class_list":{"0":"post-125767","1":"post","2":"type-post","3":"status-publish","4":"format-standard","5":"has-post-thumbnail","7":"category-rubriker","8":"tag-baltikum","9":"tag-breaking-news","10":"tag-breakingnews","11":"tag-brottsmisstankar","12":"tag-datakabel","13":"tag-evika-silina","14":"tag-featured-news","15":"tag-featurednews","16":"tag-headlines","17":"tag-huvudnyheter","18":"tag-latest-news","19":"tag-latestnews","20":"tag-lettland","21":"tag-main-news","22":"tag-mainnews","23":"tag-news","24":"tag-nyheter","25":"tag-ostersjon","26":"tag-rubriker","27":"tag-se","28":"tag-svenska","29":"tag-sverige","30":"tag-sweden","31":"tag-swedish","32":"tag-top-stories","33":"tag-topstories","34":"tag-utrikes"},"share_on_mastodon":{"url":"https:\/\/pubeurope.com\/@se\/115839463767965032","error":""},"_links":{"self":[{"href":"https:\/\/www.europesays.com\/se\/wp-json\/wp\/v2\/posts\/125767","targetHints":{"allow":["GET"]}}],"collection":[{"href":"https:\/\/www.europesays.com\/se\/wp-json\/wp\/v2\/posts"}],"about":[{"href":"https:\/\/www.europesays.com\/se\/wp-json\/wp\/v2\/types\/post"}],"author":[{"embeddable":true,"href":"https:\/\/www.europesays.com\/se\/wp-json\/wp\/v2\/users\/2"}],"replies":[{"embeddable":true,"href":"https:\/\/www.europesays.com\/se\/wp-json\/wp\/v2\/comments?post=125767"}],"version-history":[{"count":0,"href":"https:\/\/www.europesays.com\/se\/wp-json\/wp\/v2\/posts\/125767\/revisions"}],"wp:featuredmedia":[{"embeddable":true,"href":"https:\/\/www.europesays.com\/se\/wp-json\/wp\/v2\/media\/125768"}],"wp:attachment":[{"href":"https:\/\/www.europesays.com\/se\/wp-json\/wp\/v2\/media?parent=125767"}],"wp:term":[{"taxonomy":"category","embeddable":true,"href":"https:\/\/www.europesays.com\/se\/wp-json\/wp\/v2\/categories?post=125767"},{"taxonomy":"post_tag","embeddable":true,"href":"https:\/\/www.europesays.com\/se\/wp-json\/wp\/v2\/tags?post=125767"}],"curies":[{"name":"wp","href":"https:\/\/api.w.org\/{rel}","templated":true}]}}