{"id":125771,"date":"2026-01-04T23:40:06","date_gmt":"2026-01-04T23:40:06","guid":{"rendered":"https:\/\/www.europesays.com\/se\/125771\/"},"modified":"2026-01-04T23:40:06","modified_gmt":"2026-01-04T23:40:06","slug":"jarnakerkonserten-2026-kungl-musikaliska-akademien","status":"publish","type":"post","link":"https:\/\/www.europesays.com\/se\/125771\/","title":{"rendered":"J\u00e4rn\u00e5kerkonserten 2026 &#8211; Kungl. Musikaliska Akademien"},"content":{"rendered":"<p class=\"normal\"><strong>M\u00e5ndag 5 januari 2026<\/strong><br \/><strong>Musikaliska Kvarteret, Stockholm<\/strong><\/p>\n<p class=\"normal\">Den \u00e5rliga J\u00e4rn\u00e5kerkonserten till Lars J\u00e4rn\u00e5kers minne.<\/p>\n<p class=\"normal\"><strong>Program:<\/strong><br \/>Bohuslav Martinu Tre madrigaler<br \/>Sjostakovitj Cellosonat<br \/>Korngold Svit f\u00f6r tv\u00e5 violiner, cello och piano v\u00e4nster hand<\/p>\n<p class=\"normal\"><strong>Medverkande:<\/strong><br \/>Bernt Lysell, violin och viola<br \/>Nils-Erik Sparf, violin<br \/>Hedvig Bengtsson, Salt\u00f6stipendiat, cello<br \/>Erik Wahlgren, cello<br \/>Anna Christensson, piano<br \/>Bengt Forsberg, piano<\/p>\n<p class=\"normal\">J\u00e4rn\u00e5kerfonden \u2013 eller Stiftelsen Str\u00e5kinstrumentfonden till Lars J\u00e4rn\u00e5kers minne \u2013 instiftades 1978 genom stora donationer fr\u00e5n industrimannen, musik\u00e4lskaren och violink\u00e4nnaren Erik J\u00e4rn\u00e5ker (1904\u201392). Fonden \u00e4ger en unik samling v\u00e4rdefulla str\u00e5kinstrument som l\u00e5nas ut till framst\u00e5ende musiker. Erik J\u00e4rn\u00e5kers storartade insats f\u00f6r musiklivet hedras varje \u00e5r genom J\u00e4rn\u00e5kerkonserten p\u00e5 Trettondagsafton.<\/p>\n<p class=\"normal\">Konserten \u00e4r ca 1,5h med paus och har fri entr\u00e9.<\/p>\n<p class=\"normal\">D\u00f6rrar \u00f6ppnar kl. 14.00<\/p>\n<p class=\"normal\">\u00a0<\/p>\n","protected":false},"excerpt":{"rendered":"M\u00e5ndag 5 januari 2026Musikaliska Kvarteret, Stockholm Den \u00e5rliga J\u00e4rn\u00e5kerkonserten till Lars J\u00e4rn\u00e5kers minne. Program:Bohuslav Martinu Tre madrigalerSjostakovitj CellosonatKorngold&hellip;\n","protected":false},"author":2,"featured_media":125772,"comment_status":"","ping_status":"","sticky":false,"template":"","format":"standard","meta":{"footnotes":""},"categories":[67],"tags":[104,34,31,33,32,30,105],"class_list":{"0":"post-125771","1":"post","2":"type-post","3":"status-publish","4":"format-standard","5":"has-post-thumbnail","7":"category-underhallning","8":"tag-entertainment","9":"tag-se","10":"tag-svenska","11":"tag-sverige","12":"tag-sweden","13":"tag-swedish","14":"tag-underhallning"},"share_on_mastodon":{"url":"https:\/\/pubeurope.com\/@se\/115839475571601582","error":""},"_links":{"self":[{"href":"https:\/\/www.europesays.com\/se\/wp-json\/wp\/v2\/posts\/125771","targetHints":{"allow":["GET"]}}],"collection":[{"href":"https:\/\/www.europesays.com\/se\/wp-json\/wp\/v2\/posts"}],"about":[{"href":"https:\/\/www.europesays.com\/se\/wp-json\/wp\/v2\/types\/post"}],"author":[{"embeddable":true,"href":"https:\/\/www.europesays.com\/se\/wp-json\/wp\/v2\/users\/2"}],"replies":[{"embeddable":true,"href":"https:\/\/www.europesays.com\/se\/wp-json\/wp\/v2\/comments?post=125771"}],"version-history":[{"count":0,"href":"https:\/\/www.europesays.com\/se\/wp-json\/wp\/v2\/posts\/125771\/revisions"}],"wp:featuredmedia":[{"embeddable":true,"href":"https:\/\/www.europesays.com\/se\/wp-json\/wp\/v2\/media\/125772"}],"wp:attachment":[{"href":"https:\/\/www.europesays.com\/se\/wp-json\/wp\/v2\/media?parent=125771"}],"wp:term":[{"taxonomy":"category","embeddable":true,"href":"https:\/\/www.europesays.com\/se\/wp-json\/wp\/v2\/categories?post=125771"},{"taxonomy":"post_tag","embeddable":true,"href":"https:\/\/www.europesays.com\/se\/wp-json\/wp\/v2\/tags?post=125771"}],"curies":[{"name":"wp","href":"https:\/\/api.w.org\/{rel}","templated":true}]}}