{"id":125773,"date":"2026-01-04T23:42:07","date_gmt":"2026-01-04T23:42:07","guid":{"rendered":"https:\/\/www.europesays.com\/se\/125773\/"},"modified":"2026-01-04T23:42:07","modified_gmt":"2026-01-04T23:42:07","slug":"oljemarknaden-oppen-nagot-lagre-priser","status":"publish","type":"post","link":"https:\/\/www.europesays.com\/se\/125773\/","title":{"rendered":"Oljemarknaden \u00f6ppen \u2013 n\u00e5got l\u00e4gre priser"},"content":{"rendered":"<p>Oljepriserna backade marginellt n\u00e4r handeln inleddes f\u00f6r veckan, vid midnatt svensk tid. Kort efter \u00f6ppning kostade ett fat amerikansk WTI-olja 57 dollar och ett fat Nordsj\u00f6olja 60 dollar. Det rapporterar CNBC.<\/p>\n<p>R\u00e5varumarknaden har hamnat i fokus under helgen efter det amerikanska gripandet av Nicol\u00e1s Maduro och Donald Trumps efterf\u00f6ljande utspel om Venezuelas oljetillg\u00e5ngar. <\/p>\n<p>Omni \u00e4r politiskt obundna och oberoende. Vi str\u00e4var efter att ge fler perspektiv p\u00e5 nyheterna. Har du fr\u00e5gor eller synpunkter kring v\u00e5r rapportering? <a href=\"https:\/\/omni.se\/oljemarknaden-oppen-nagot-lagre-priser\/a\/mailto:redaktion@omni.se\" class=\"ArticleActions_contactLink__W2F1M\" rel=\"nofollow noopener\" target=\"_blank\">Kontakta redaktionen<\/a><\/p>\n","protected":false},"excerpt":{"rendered":"Oljepriserna backade marginellt n\u00e4r handeln inleddes f\u00f6r veckan, vid midnatt svensk tid. Kort efter \u00f6ppning kostade ett fat&hellip;\n","protected":false},"author":2,"featured_media":125774,"comment_status":"","ping_status":"","sticky":false,"template":"","format":"standard","meta":{"footnotes":""},"categories":[65],"tags":[72,70,71,291,2000,34,31,33,32,30,13061,2545],"class_list":{"0":"post-125773","1":"post","2":"type-post","3":"status-publish","4":"format-standard","5":"has-post-thumbnail","7":"category-ekonomi","8":"tag-business","9":"tag-economy","10":"tag-ekonomi","11":"tag-energi-ravaror","12":"tag-olja","13":"tag-se","14":"tag-svenska","15":"tag-sverige","16":"tag-sweden","17":"tag-swedish","18":"tag-usa-vs-venezuela","19":"tag-venezuela"},"share_on_mastodon":{"url":"https:\/\/pubeurope.com\/@se\/115839483441359510","error":""},"_links":{"self":[{"href":"https:\/\/www.europesays.com\/se\/wp-json\/wp\/v2\/posts\/125773","targetHints":{"allow":["GET"]}}],"collection":[{"href":"https:\/\/www.europesays.com\/se\/wp-json\/wp\/v2\/posts"}],"about":[{"href":"https:\/\/www.europesays.com\/se\/wp-json\/wp\/v2\/types\/post"}],"author":[{"embeddable":true,"href":"https:\/\/www.europesays.com\/se\/wp-json\/wp\/v2\/users\/2"}],"replies":[{"embeddable":true,"href":"https:\/\/www.europesays.com\/se\/wp-json\/wp\/v2\/comments?post=125773"}],"version-history":[{"count":0,"href":"https:\/\/www.europesays.com\/se\/wp-json\/wp\/v2\/posts\/125773\/revisions"}],"wp:featuredmedia":[{"embeddable":true,"href":"https:\/\/www.europesays.com\/se\/wp-json\/wp\/v2\/media\/125774"}],"wp:attachment":[{"href":"https:\/\/www.europesays.com\/se\/wp-json\/wp\/v2\/media?parent=125773"}],"wp:term":[{"taxonomy":"category","embeddable":true,"href":"https:\/\/www.europesays.com\/se\/wp-json\/wp\/v2\/categories?post=125773"},{"taxonomy":"post_tag","embeddable":true,"href":"https:\/\/www.europesays.com\/se\/wp-json\/wp\/v2\/tags?post=125773"}],"curies":[{"name":"wp","href":"https:\/\/api.w.org\/{rel}","templated":true}]}}