{"id":125790,"date":"2026-01-05T00:28:19","date_gmt":"2026-01-05T00:28:19","guid":{"rendered":"https:\/\/www.europesays.com\/se\/125790\/"},"modified":"2026-01-05T00:28:19","modified_gmt":"2026-01-05T00:28:19","slug":"reagerar-pa-ryska-flaggan-i-tour-de-ski-inte-sa-neutralt-langdskidor","status":"publish","type":"post","link":"https:\/\/www.europesays.com\/se\/125790\/","title":{"rendered":"Reagerar p\u00e5 ryska flaggan i Tour de ski: \u201dInte s\u00e5 neutralt\u201d | L\u00e4ngdskidor"},"content":{"rendered":"<p>Publicerad 4 jan 2026 kl 13.30Uppdaterad kl 14.01<\/p>\n<p>H\u00e4r vevas det med den ryska flaggan under Tour de ski.<\/p>\n<p>I samband med Savelij Korostelevs b\u00e4sta lopp i karri\u00e4ren s\u00e5 d\u00f6k ett antal fans upp med flaggan precis vid m\u00e5lf\u00e5llan.<\/p>\n<p>\u2013 Att n\u00e5n i publiken har en flagga \u00e4r inget vi kan g\u00f6ra n\u00e5got \u00e5t, s\u00e4ger Fis kommunikationschef Bruno Sassi.<\/p>\n<p><img loading=\"lazy\"   alt=\"\"\/> <\/p>\n<p>Foto: Tomas Pettersson<\/p>\n<p>\u00d6ppna bild i helsk\u00e4rm<img loading=\"lazy\"   alt=\"\"\/> <\/p>\n<p>Foto: Petter Land\u00e9n<\/p>\n<p>\u00d6ppna bild i helsk\u00e4rm<img loading=\"lazy\"   alt=\"\"\/> <\/p>\n<p>Foto: MAXIM THORE \/ BILDBYR\u00c5N<\/p>\n<p>\u00d6ppna bild i helsk\u00e4rm<\/p>\n<p>Mattis Stenshagen sa efter l\u00f6rdagens sprint att han skulle beh\u00f6va trotsa fysikens lagar f\u00f6r att g\u00f6ra n\u00e5got bra i Tour de skis avslutande etapp.\u00a0<\/p>\n<p>Det lyckades han med.\u00a0<\/p>\n<p>Norrmannen vann f\u00f6re Jules Lapierre \u2013 och sen var det en dramatisk uppg\u00f6relse om tredjeplatsen.\u00a0<\/p>\n<p>Emil Iversen drog till slut det l\u00e4ngsta str\u00e5et mot Savelij Korostelev, men den ryske \u00e5karen var str\u00e5lande glad efter\u00e5t \u00e4nd\u00e5.\u00a0<\/p>\n<p>Det var hans \u00f6verl\u00e4gset b\u00e4sta v\u00e4rldscupsresultat i karri\u00e4ren.\u00a0<\/p>\n<p>\u2013 Efter m\u00e5lg\u00e5ng ville jag bara d\u00f6. Jag hade huvudv\u00e4rk och problem med orienteringsf\u00f6rm\u00e5gan, s\u00e4ger han och skrattar.\u00a0<\/p>\n<p>\u2013 Men nu \u00e4r jag glad.\u00a0<\/p>\n<p>Anger: \u201dK\u00e4nns inte s\u00e5 neutralt\u201d<\/p>\n<p>Det var inte bara Korostelev sj\u00e4lv som var n\u00f6jd, utan \u00e4ven en mindre grupp ryska fans som var p\u00e5 plats. I samband med prisceremonin st\u00e4llde de sig s\u00e5 n\u00e4ra m\u00e5lf\u00e5llan de kunde komma och viftade med den ryska flaggan.\u00a0<\/p>\n<p>En inte okontroversiell handling.\u00a0<\/p>\n<p>De ryska \u00e5karnas \u00e5terintr\u00e4de i v\u00e4rldscupen \u00e4r h\u00e5rt villkorat. De f\u00e5r inte ha n\u00e5got med den ryska arm\u00e9n att g\u00f6ra, de f\u00e5r inte st\u00f6tta kriget mot Ukraina \u2013 och de f\u00e5r inte ha n\u00e5gra ryska symboler.\u00a0<\/p>\n<p>Svenske <a href=\"https:\/\/www.expressen.se\/tagg\/person\/edvin-anger\/\" class=\"\" rel=\"nofollow noopener\" target=\"_blank\">Edvin Anger<\/a> reagerade p\u00e5 de ryska fansen.\u00a0<\/p>\n<p>\u2013 Jag vet inte riktigt vad jag ska s\u00e4ga, men det \u00e4r ju v\u00e4ldigt speciellt, s\u00e4ger han.\u00a0<\/p>\n<p>\u2013 Det k\u00e4nns inte s\u00e5 neutralt n\u00e4r det viftas med ryska flaggor h\u00e4r.\u00a0<\/p>\n<p>\u00d6vervakade alla intervjuer<\/p>\n<p>\u00c4ven Bruno Sassi, kommunikationschef p\u00e5 Fis, noterade flaggorna.\u00a0<\/p>\n<p>Sen klev han in j\u00e4mte Korostelev i den mixade zonen och \u00f6vervakade alla intervjuer han gjorde.\u00a0<\/p>\n<p>\u2013 Jag s\u00e5g den ryska flaggan och ville ha lite koll p\u00e5 vad som h\u00e4nde, s\u00e4ger han.\u00a0<\/p>\n<p>\u2013 Att n\u00e5gon i publiken har en flagga \u00e4r inget vi har n\u00e5got att s\u00e4ga till om. Om Korostelev d\u00e4remot hade firar med den i m\u00e5lomr\u00e5det, d\u00e5 hade det brutit mot reglerna.\u00a0<\/p>\n<p>Korostelev sj\u00e4lv ber\u00e4ttar att han inte v\u00e4ntat sig att se flaggan h\u00e4r.\u00a0<\/p>\n<p>\u2013 Jag s\u00e5g den efter prisceremonin. Jag blev v\u00e4ldigt f\u00f6rv\u00e5nad.\u00a0<\/p>\n<p>En stund senare tog Korostelev en snabb bild med fansen, som d\u00e5 stoppat undan flaggan, innan han sprang vidare.\u00a0<\/p>\n","protected":false},"excerpt":{"rendered":"Publicerad 4 jan 2026 kl 13.30Uppdaterad kl 14.01 H\u00e4r vevas det med den ryska flaggan under Tour de&hellip;\n","protected":false},"author":2,"featured_media":125791,"comment_status":"","ping_status":"","sticky":false,"template":"","format":"standard","meta":{"footnotes":""},"categories":[5],"tags":[22,23,26,27,17,21,24,25,274,28,29,15,16,12204,4478,18,34,857,31,33,32,30,19,20],"class_list":{"0":"post-125790","1":"post","2":"type-post","3":"status-publish","4":"format-standard","5":"has-post-thumbnail","7":"category-rubriker","8":"tag-breaking-news","9":"tag-breakingnews","10":"tag-featured-news","11":"tag-featurednews","12":"tag-headlines","13":"tag-huvudnyheter","14":"tag-latest-news","15":"tag-latestnews","16":"tag-location-ryssland","17":"tag-main-news","18":"tag-mainnews","19":"tag-news","20":"tag-nyheter","21":"tag-organization-tour-de-ski","22":"tag-person-edvin-anger","23":"tag-rubriker","24":"tag-se","25":"tag-sections-langdskidor","26":"tag-svenska","27":"tag-sverige","28":"tag-sweden","29":"tag-swedish","30":"tag-top-stories","31":"tag-topstories"},"share_on_mastodon":{"url":"https:\/\/pubeurope.com\/@se\/115839664339702374","error":""},"_links":{"self":[{"href":"https:\/\/www.europesays.com\/se\/wp-json\/wp\/v2\/posts\/125790","targetHints":{"allow":["GET"]}}],"collection":[{"href":"https:\/\/www.europesays.com\/se\/wp-json\/wp\/v2\/posts"}],"about":[{"href":"https:\/\/www.europesays.com\/se\/wp-json\/wp\/v2\/types\/post"}],"author":[{"embeddable":true,"href":"https:\/\/www.europesays.com\/se\/wp-json\/wp\/v2\/users\/2"}],"replies":[{"embeddable":true,"href":"https:\/\/www.europesays.com\/se\/wp-json\/wp\/v2\/comments?post=125790"}],"version-history":[{"count":0,"href":"https:\/\/www.europesays.com\/se\/wp-json\/wp\/v2\/posts\/125790\/revisions"}],"wp:featuredmedia":[{"embeddable":true,"href":"https:\/\/www.europesays.com\/se\/wp-json\/wp\/v2\/media\/125791"}],"wp:attachment":[{"href":"https:\/\/www.europesays.com\/se\/wp-json\/wp\/v2\/media?parent=125790"}],"wp:term":[{"taxonomy":"category","embeddable":true,"href":"https:\/\/www.europesays.com\/se\/wp-json\/wp\/v2\/categories?post=125790"},{"taxonomy":"post_tag","embeddable":true,"href":"https:\/\/www.europesays.com\/se\/wp-json\/wp\/v2\/tags?post=125790"}],"curies":[{"name":"wp","href":"https:\/\/api.w.org\/{rel}","templated":true}]}}