{"id":125792,"date":"2026-01-05T00:36:10","date_gmt":"2026-01-05T00:36:10","guid":{"rendered":"https:\/\/www.europesays.com\/se\/125792\/"},"modified":"2026-01-05T00:36:10","modified_gmt":"2026-01-05T00:36:10","slug":"kvinna-forblodde-efter-hundattack-agaren-atalas","status":"publish","type":"post","link":"https:\/\/www.europesays.com\/se\/125792\/","title":{"rendered":"Kvinna f\u00f6rbl\u00f6dde efter hundattack\n\u2013 \u00e4garen \u00e5talas"},"content":{"rendered":"<p>Publicerad 4 jan 2026 kl 20.59Uppdaterad kl 23.57<\/p>\n<p>Kvinnan i 45-\u00e5rs\u00e5ldern attackerades av sin flickv\u00e4ns kamphund.<\/p>\n<p>Ambulanssjukv\u00e5rdare hittade henne d\u00f6d i duschen \u2013 med \u201dhalva ansiktet bortslitet\u201d.\u00a0<\/p>\n<p>Nu \u00e5talas hund\u00e4garen f\u00f6r v\u00e5llande till annans d\u00f6d.\u00a0<\/p>\n<p>\u2013 De \u00e4lskar m\u00e4nniskor, s\u00e4ger hon om hundarna i f\u00f6rh\u00f6r. \u00a0<\/p>\n<p><img loading=\"lazy\"   alt=\"\"\/><\/p>\n<p>Tydliga blodfl\u00e4ckar i hund\u00e4garens l\u00e4genhet.<\/p>\n<p>Foto: Polisens f\u00f6runders\u00f6kning<\/p>\n<p>\u00d6ppna bild i helsk\u00e4rm<img loading=\"lazy\"   alt=\"\"\/><\/p>\n<p>Hund\u00e4garen hade torkat undan blod i l\u00e4genheten innan polis och v\u00e5rdpersonal kom fram.<\/p>\n<p>Foto: Polisens f\u00f6runders\u00f6kning<\/p>\n<p>\u00d6ppna bild i helsk\u00e4rm<\/p>\n<p>Enligt hund\u00e4garen, en kvinna i 25-\u00e5rs\u00e5ldern, f\u00f6regicks attacken av ett br\u00e5k. Hon p\u00e5st\u00e5r i polisf\u00f6rh\u00f6r att flickv\u00e4nnen gav sig p\u00e5 henne och att hunden, en American Bully, b\u00f6rjade bita i samband med det.<\/p>\n<p>\u2013 Jag f\u00f6rs\u00f6kte f\u00e5 bort min hund fr\u00e5n henne men&#8230; Han har inte visat n\u00e5got tecken p\u00e5 det h\u00e4r f\u00f6rut. Mina hundar \u00e4r guld v\u00e4rda. De \u00e4r j\u00e4ttetrevliga. De \u00e4lskar m\u00e4nniskor, \u00e4r j\u00e4ttesociala och s\u00e5.\u00a0<\/p>\n<p>Hund\u00e4garen p\u00e5st\u00e5r att hon hj\u00e4lpte flickv\u00e4nnen in i badrummet och att hon d\u00e4refter ringde 112. I polisutredningen framg\u00e5r det dock att hund\u00e4garen var i kontakt med SOS Alarm flera g\u00e5nger under natten och morgonen \u2013 och att hon inte sl\u00e4ppte in de f\u00f6rsta ambulanssjukv\u00e5rdarna som larmades till bostaden.\u00a0<\/p>\n<p><img loading=\"lazy\"   alt=\"\"\/><\/p>\n<p>Kvinnan som blev biten hittades d\u00f6d i duschen.<\/p>\n<p>Foto: Polisens f\u00f6runders\u00f6kning<\/p>\n<p>\u00d6ppna bild i helsk\u00e4rm<img loading=\"lazy\"   alt=\"\"\/><\/p>\n<p>Blodsp\u00e5r i duschen.<\/p>\n<p>Foto: Polisens f\u00f6runders\u00f6kning<\/p>\n<p>\u00d6ppna bild i helsk\u00e4rm<\/p>\n<p>Hund\u00e4garen ger ingen tydlig f\u00f6rklaring till de olika samtalen med SOS Alarm eller varf\u00f6r de f\u00f6rsta ambulanssjukv\u00e5rdarna avvisades. Hon s\u00e4ger att flickv\u00e4nnen \u201dlevde ju d\u00e5\u201d, att hon sj\u00e4lv var \u201di chocktillst\u00e5nd\u201d och att minnesbilderna \u00e4r oklara f\u00f6r att hon var \u201dh\u00f6g p\u00e5 kokain\u201d.\u00a0<\/p>\n<p>Senare, n\u00e4r ambulanssjukv\u00e5rdarna och polisen blev insl\u00e4ppta i l\u00e4genheten, var kvinnan som blivit attackerad av hunden d\u00f6d. Hon l\u00e5g naken i duschen \u2013 med \u201dhalva ansiktet bortslitet\u201d, enligt l\u00e4karen som d\u00f6df\u00f6rklarade henne. Hon avled av f\u00f6rbl\u00f6dning.\u00a0<\/p>\n<p>F\u00f6rnekar brott<\/p>\n<p>Hund\u00e4garen hade st\u00e4dat l\u00e4genheten, framf\u00f6r allt torkat bort blod, innan polisen och ambulanssjukv\u00e5rdarna kom dit.\u00a0<\/p>\n<p>Hon \u00e5talas nu vid G\u00f6teborgs tingsr\u00e4tt f\u00f6r grovt v\u00e5llande till annans d\u00f6d f\u00f6r h\u00e4ndelsen som intr\u00e4ffade i april 2024. Enligt \u00e5klagaren borde hon haft b\u00e4ttre kontroll \u00f6ver hunden och sett till att flickv\u00e4nnen fick sjukv\u00e5rd tidigare. \u00a0<\/p>\n<p>I \u00e5talet st\u00e5r det bland annat: \u201d[Hund\u00e4garens] oaktsamhet bestod i att hon inte haft tillr\u00e4cklig kontroll och uppsikt \u00f6ver hunden, att hon inte vidtagit adekvata \u00e5tg\u00e4rder med anledning av skadorna och att hon l\u00e4mnat [flickv\u00e4nnen] utan uppsikt och tillsyn.\u201d<\/p>\n<p><img loading=\"lazy\"   alt=\"\"\/><\/p>\n<p>Hunden som gick till attack avlivades senare.<\/p>\n<p>Foto: Polisens f\u00f6runders\u00f6kning<\/p>\n<p>\u00d6ppna bild i helsk\u00e4rm<\/p>\n<p>Hund\u00e4garen f\u00f6rnekar brott. Hundarna omh\u00e4ndertogs tillf\u00e4lligt av ett hundstall, den som bet ihj\u00e4l kvinnan avlivades senare.\u00a0<\/p>\n<p>Hund\u00e4garen \u00e5talas ocks\u00e5 f\u00f6r v\u00e5llande till kroppsskada, efter att en eller flera av hennes hundar bitit en person i februari 2025.\u00a0<\/p>\n<p><strong>L\u00c4S MER: <\/strong><a href=\"https:\/\/www.expressen.se\/nyheter\/varlden\/madison-23-dodad-av--husdjuren-hon-passade\/\" class=\"\" rel=\"nofollow noopener\" target=\"_blank\">Madison, 23, d\u00f6dad av  husdjuren hon passade<\/a><strong>L\u00c4S MER: <\/strong><a href=\"https:\/\/www.expressen.se\/ledare\/4-000-attacker-men--ministern-bara-glafser-\/\" class=\"\" rel=\"nofollow noopener\" target=\"_blank\">4 000 attacker \u2013 men  ministern bara gl\u00e4fser<\/a><strong>L\u00c4S MER: <\/strong><a href=\"https:\/\/www.expressen.se\/nyheter\/varlden\/matade-sin-brors-hundar-blev-dodad-av-dem\/\" class=\"\" rel=\"nofollow noopener\" target=\"_blank\">Matade sin brors hundar  \u2013 blev d\u00f6dad av dem<\/a><\/p>\n","protected":false},"excerpt":{"rendered":"Publicerad 4 jan 2026 kl 20.59Uppdaterad kl 23.57 Kvinnan i 45-\u00e5rs\u00e5ldern attackerades av sin flickv\u00e4ns kamphund. Ambulanssjukv\u00e5rdare hittade&hellip;\n","protected":false},"author":2,"featured_media":125793,"comment_status":"","ping_status":"","sticky":false,"template":"","format":"standard","meta":{"footnotes":""},"categories":[5],"tags":[22,23,26,27,17,21,24,25,212,28,29,15,16,18,34,154,31,33,32,30,19,436,20],"class_list":{"0":"post-125792","1":"post","2":"type-post","3":"status-publish","4":"format-standard","5":"has-post-thumbnail","7":"category-rubriker","8":"tag-breaking-news","9":"tag-breakingnews","10":"tag-featured-news","11":"tag-featurednews","12":"tag-headlines","13":"tag-huvudnyheter","14":"tag-latest-news","15":"tag-latestnews","16":"tag-location-sverige","17":"tag-main-news","18":"tag-mainnews","19":"tag-news","20":"tag-nyheter","21":"tag-rubriker","22":"tag-se","23":"tag-sections-sverige","24":"tag-svenska","25":"tag-sverige","26":"tag-sweden","27":"tag-swedish","28":"tag-top-stories","29":"tag-topic-valdsbrott-mord","30":"tag-topstories"},"share_on_mastodon":{"url":"https:\/\/pubeurope.com\/@se\/115839695810494825","error":""},"_links":{"self":[{"href":"https:\/\/www.europesays.com\/se\/wp-json\/wp\/v2\/posts\/125792","targetHints":{"allow":["GET"]}}],"collection":[{"href":"https:\/\/www.europesays.com\/se\/wp-json\/wp\/v2\/posts"}],"about":[{"href":"https:\/\/www.europesays.com\/se\/wp-json\/wp\/v2\/types\/post"}],"author":[{"embeddable":true,"href":"https:\/\/www.europesays.com\/se\/wp-json\/wp\/v2\/users\/2"}],"replies":[{"embeddable":true,"href":"https:\/\/www.europesays.com\/se\/wp-json\/wp\/v2\/comments?post=125792"}],"version-history":[{"count":0,"href":"https:\/\/www.europesays.com\/se\/wp-json\/wp\/v2\/posts\/125792\/revisions"}],"wp:featuredmedia":[{"embeddable":true,"href":"https:\/\/www.europesays.com\/se\/wp-json\/wp\/v2\/media\/125793"}],"wp:attachment":[{"href":"https:\/\/www.europesays.com\/se\/wp-json\/wp\/v2\/media?parent=125792"}],"wp:term":[{"taxonomy":"category","embeddable":true,"href":"https:\/\/www.europesays.com\/se\/wp-json\/wp\/v2\/categories?post=125792"},{"taxonomy":"post_tag","embeddable":true,"href":"https:\/\/www.europesays.com\/se\/wp-json\/wp\/v2\/tags?post=125792"}],"curies":[{"name":"wp","href":"https:\/\/api.w.org\/{rel}","templated":true}]}}