{"id":125811,"date":"2026-01-05T01:21:32","date_gmt":"2026-01-05T01:21:32","guid":{"rendered":"https:\/\/www.europesays.com\/se\/125811\/"},"modified":"2026-01-05T01:21:32","modified_gmt":"2026-01-05T01:21:32","slug":"norske-skadespelaren-sverre-anker-ousdal-dod","status":"publish","type":"post","link":"https:\/\/www.europesays.com\/se\/125811\/","title":{"rendered":"Norske sk\u00e5despelaren Sverre Anker Ousdal d\u00f6d"},"content":{"rendered":"<p>Den norske sk\u00e5despelaren Sverre Anker Ousdal \u00e4r d\u00f6d, rapporterar Dagbladet. Han blev 81 \u00e5r gammal och var en av Norges mest framst\u00e5ende sk\u00e5despelare.<\/p>\n<p>Han medverkade ocks\u00e5 i flera svenska filmer, bland annat \u201dMio min Mio\u201d, \u201dAlla \u00e4lskar Alice\u201d och \u201dIngenj\u00f6r Andr\u00e9es luftf\u00e4rd\u201d.<\/p>\n<p>\u2013 Han var en enormt stor sk\u00e5despelare i allt han gjorde \u2013 full\u00e4ndad, s\u00e4ger Kristian Selthun, teaterchef p\u00e5 Nationaltheatret, d\u00e4r Anker Ousdal blev fast anst\u00e4lld f\u00f6r 55 \u00e5r sedan och jobbade fram till pensionen 2014<\/p>\n<p>Omni \u00e4r politiskt obundna och oberoende. Vi str\u00e4var efter att ge fler perspektiv p\u00e5 nyheterna. Har du fr\u00e5gor eller synpunkter kring v\u00e5r rapportering? <a href=\"https:\/\/omni.se\/norske-skadespelaren-sverre-anker-ousdal-dod\/a\/mailto:redaktion@omni.se\" class=\"ArticleActions_contactLink__W2F1M\" rel=\"nofollow noopener\" target=\"_blank\">Kontakta redaktionen<\/a><\/p>\n","protected":false},"excerpt":{"rendered":"Den norske sk\u00e5despelaren Sverre Anker Ousdal \u00e4r d\u00f6d, rapporterar Dagbladet. Han blev 81 \u00e5r gammal och var en&hellip;\n","protected":false},"author":2,"featured_media":125812,"comment_status":"","ping_status":"","sticky":false,"template":"","format":"standard","meta":{"footnotes":""},"categories":[67],"tags":[12389,104,34,31,33,32,30,105],"class_list":{"0":"post-125811","1":"post","2":"type-post","3":"status-publish","4":"format-standard","5":"has-post-thumbnail","7":"category-underhallning","8":"tag-drafter","9":"tag-entertainment","10":"tag-se","11":"tag-svenska","12":"tag-sverige","13":"tag-sweden","14":"tag-swedish","15":"tag-underhallning"},"share_on_mastodon":{"url":"https:\/\/pubeurope.com\/@se\/115839872788917304","error":""},"_links":{"self":[{"href":"https:\/\/www.europesays.com\/se\/wp-json\/wp\/v2\/posts\/125811","targetHints":{"allow":["GET"]}}],"collection":[{"href":"https:\/\/www.europesays.com\/se\/wp-json\/wp\/v2\/posts"}],"about":[{"href":"https:\/\/www.europesays.com\/se\/wp-json\/wp\/v2\/types\/post"}],"author":[{"embeddable":true,"href":"https:\/\/www.europesays.com\/se\/wp-json\/wp\/v2\/users\/2"}],"replies":[{"embeddable":true,"href":"https:\/\/www.europesays.com\/se\/wp-json\/wp\/v2\/comments?post=125811"}],"version-history":[{"count":0,"href":"https:\/\/www.europesays.com\/se\/wp-json\/wp\/v2\/posts\/125811\/revisions"}],"wp:featuredmedia":[{"embeddable":true,"href":"https:\/\/www.europesays.com\/se\/wp-json\/wp\/v2\/media\/125812"}],"wp:attachment":[{"href":"https:\/\/www.europesays.com\/se\/wp-json\/wp\/v2\/media?parent=125811"}],"wp:term":[{"taxonomy":"category","embeddable":true,"href":"https:\/\/www.europesays.com\/se\/wp-json\/wp\/v2\/categories?post=125811"},{"taxonomy":"post_tag","embeddable":true,"href":"https:\/\/www.europesays.com\/se\/wp-json\/wp\/v2\/tags?post=125811"}],"curies":[{"name":"wp","href":"https:\/\/api.w.org\/{rel}","templated":true}]}}