{"id":125831,"date":"2026-01-05T02:03:34","date_gmt":"2026-01-05T02:03:34","guid":{"rendered":"https:\/\/www.europesays.com\/se\/125831\/"},"modified":"2026-01-05T02:03:34","modified_gmt":"2026-01-05T02:03:34","slug":"eric-saade-och-hanna-schonberg-vantar-forsta-barnet","status":"publish","type":"post","link":"https:\/\/www.europesays.com\/se\/125831\/","title":{"rendered":"Eric Saade och Hanna Sch\u00f6nberg v\u00e4ntar f\u00f6rsta barnet"},"content":{"rendered":"<p>Har varit ett par sedan 2020<img decoding=\"async\" class=\"image-asset hyperion-css-n6kkq1\" data-test-tag=\"image-asset\" src=\"https:\/\/www.europesays.com\/se\/wp-content\/uploads\/2026\/01\/1767578609_486_c725184e-7c1f-47a7-987b-d3dd09655877.png\"  alt=\"\"  loading=\"lazy\" fetchpriority=\"auto\" style=\"aspect-ratio:1900 \/ 1900\"\/><img decoding=\"async\" class=\"image-asset hyperion-css-n6kkq1\" data-test-tag=\"image-asset\" src=\"https:\/\/www.europesays.com\/se\/wp-content\/uploads\/2026\/01\/1767578609_648_4479d944-83a5-4a64-82b1-5457244051bf.png\"  alt=\"\"  loading=\"lazy\" fetchpriority=\"auto\" style=\"aspect-ratio:1900 \/ 1900\"\/><\/p>\n<p class=\"boxtextgrotesk-root_baa6 hyperion-css-7pajle\">Publicerad 2026-01-04 09.35<\/p>\n<p>share-arrowDela<\/p>\n<p>unsaveSpara<\/p>\n<p class=\"hyperion-css-1shl3oz\" data-test-tag=\"lead-text\">Gravidlycka!<\/p>\n<p class=\"hyperion-css-1shl3oz\" data-test-tag=\"lead-text\">Hanna Sch\u00f6nberg och Eric Saade v\u00e4ntar barn.<\/p>\n<p class=\"hyperion-css-1shl3oz\" data-test-tag=\"lead-text\">\u201dVi l\u00e4ngtar efter att f\u00e5 tr\u00e4ffa dig, lilla v\u00e4n\u201d, skriver paret i en h\u00e4ndelse p\u00e5 Instagram. <\/p>\n<p><img decoding=\"async\" src=\"https:\/\/www.europesays.com\/se\/wp-content\/uploads\/2026\/01\/5e8ce2262f51ad8b36a3b6237bc53201.jpg\" class=\"thumbnail-image_fbfd\" alt=\"Hanna Sch\u00f6nberg verkar v\u00e4nta p\u00e5 ett frieri av Eric Saade \u2013 h\u00e4r \u00e4r veckans n\u00f6jessnackisar\"\/><\/p>\n<p>Hanna Sch\u00f6nberg verkar v\u00e4nta p\u00e5 ett frieri av Eric Saade \u2013 h\u00e4r \u00e4r veckans n\u00f6jessnackisar<\/p>\n<p>3:04<\/p>\n<p class=\"hyperion-css-1v9qo5x\">Artisten, <a data-test-tag=\"internal-link\" href=\"https:\/\/www.aftonbladet.se\/tagg\/eric-saade\" class=\"hyperion-css-15jkft9\" rel=\"nofollow noopener\" target=\"\" theme=\"entertainment\"><strong>Eric Saade<\/strong><\/a>, 35, och influencern <a data-test-tag=\"internal-link\" href=\"https:\/\/www.aftonbladet.se\/tagg\/hanna-schonberg\" class=\"hyperion-css-15jkft9\" rel=\"nofollow noopener\" target=\"\" theme=\"entertainment\"><strong>Hanna Sch\u00f6nberg<\/strong><\/a>, 27, ska f\u00e5 sitt f\u00f6rsta barn tillsammans.<\/p>\n<p class=\"hyperion-css-1v9qo5x\">\u201dMom and dad, 2026\u201d, skriver Sch\u00f6nberg p\u00e5 <a aria-label=\"Instagram\" class=\"entertainment hyperion-css-15jkft9\" href=\"https:\/\/www.instagram.com\/p\/DTFNY3Lksz4\/?img_index=1\" rel=\"noopener nofollow noreferrer\" data-test-tag=\"external-link\" target=\"_blank\">Instagram<\/a> och delar flera bilder fr\u00e5n Maldiverna d\u00e4r gravidmagen syns.<\/p>\n<p class=\"hyperion-css-1v9qo5x\">I en h\u00e4ndelse p\u00e5 plattformen utvecklar influencern sina k\u00e4nslor om graviditeten. <\/p>\n<p class=\"hyperion-css-1v9qo5x\">\u201dJag har dr\u00f6mt om det h\u00e4r \u00f6gonblicket s\u00e5 l\u00e4nge. Att b\u00e4ra detta lilla liv fyller mitt hj\u00e4rta med mer k\u00e4rlek, tacksamhet och lycka \u00e4n jag n\u00e5gonsin trodde var m\u00f6jligt. Aldrig har n\u00e5got k\u00e4nts mer r\u00e4tt\u201d, skriver Sch\u00f6nberg. <\/p>\n<p>expand-left<\/p>\n<p>helsk\u00e4rm<img decoding=\"async\" class=\"image-asset hyperion-css-u06ts1\" data-test-tag=\"image-asset\" src=\"https:\/\/www.europesays.com\/se\/wp-content\/uploads\/2026\/01\/ba7e66a0-4197-4386-a2a9-79c3aac8b9e2.jpeg\"  alt=\"Eric Saade och Hanna Sch\u00f6nberg p\u00e5 QX-galan 2022.\"  loading=\"eager\" fetchpriority=\"high\" style=\"aspect-ratio:1900 \/ 1601\"\/>Eric Saade och Hanna Sch\u00f6nberg p\u00e5 QX-galan 2022. Foto: Christine Olsson \/ TT Nyhetsbyr\u00e5n<\/p>\n<p class=\"hyperion-css-1v9qo5x\">\u00c4ven Saade delar bilder p\u00e5 sin <a aria-label=\"Instagram\" class=\"entertainment hyperion-css-15jkft9\" href=\"https:\/\/www.instagram.com\/p\/DTFf1bikv3d\/?img_index=1\" rel=\"noopener nofollow noreferrer\" data-test-tag=\"external-link\" target=\"_blank\">Instagram<\/a> och skriver:<\/p>\n<p class=\"hyperion-css-1v9qo5x\">\u201dSupermom\u201d.<\/p>\n<p class=\"hyperion-css-1v9qo5x\">Paret gratuleras nu av k\u00e4ndisar som <strong>Benjamin Ingrosso<\/strong>, <strong>Victor Leksell <\/strong>och <strong>Kenza<\/strong>. <\/p>\n<p class=\"hyperion-css-1v9qo5x\">\u201dV\u00e4ldens b\u00e4sta nyhet\u201d skriver <strong>Bianca Ingrosso<\/strong> under Sch\u00f6nbergs bild. <\/p>\n<p class=\"hyperion-css-1v9qo5x\">\u201dVisste inte! Stort grattis\u201d, skriver <strong>Sarah Dawn Finer<\/strong>.<\/p>\n<p>\u00c4ger lyxvilla i Spanien<\/p>\n<p class=\"hyperion-css-1v9qo5x\">Eric Saade och Hanna Sch\u00f6nberg blev ett par 2020, n\u00e5gra m\u00e5nader efter artistens uppbrott med influencern<strong><a data-test-tag=\"internal-link\" href=\"https:\/\/www.aftonbladet.se\/tagg\/nicole-falciani\" class=\"hyperion-css-15jkft9\" rel=\"nofollow noopener\" target=\"\" aria-label=\" Nicole Falciani.\" theme=\"entertainment\"> Nicole Falciani.<\/a><\/strong> <\/p>\n<p class=\"hyperion-css-1v9qo5x\">H\u00f6sten 2024 slog paret p\u00e5 stort och k\u00f6pte en lyxvilla i Spanien tillsammans f\u00f6r 32 miljoner kronor. <\/p>\n<p class=\"hyperion-css-1v9qo5x\">\u201dDet h\u00e4r huset har allt vi n\u00e5gonsin dr\u00f6mt om. Jag l\u00e4ngtar efter att renovera det h\u00e4r till v\u00e5rt dr\u00f6mhus\u201d, skrev Hanna Sch\u00f6nberg p\u00e5 Instagram d\u00e5.<\/p>\n<p class=\"hyperion-css-1v9qo5x\">Aftonbladet har s\u00f6kt Hanna Sch\u00f6nberg och Eric Saade. <\/p>\n<p>expand-left<\/p>\n<p>helsk\u00e4rm<img decoding=\"async\" class=\"image-asset hyperion-css-u06ts1\" data-test-tag=\"image-asset\" src=\"https:\/\/www.europesays.com\/se\/wp-content\/uploads\/2026\/01\/0bab6a6c-7779-43ab-80f8-fee5e4e4caab.jpeg\"  alt=\"\"  loading=\"eager\" fetchpriority=\"high\" style=\"aspect-ratio:1179 \/ 1704\"\/> Foto: Instagram<img decoding=\"async\" src=\"https:\/\/www.europesays.com\/se\/wp-content\/uploads\/2025\/08\/9add73646127c36e48c4a927b199b7c2.jpg\" class=\"thumbnail-image_fbfd\" alt=\"67. God Jul alla deppiga k\u00e4ndisar\"\/><\/p>\n<p>67. God Jul alla deppiga k\u00e4ndisar<\/p>\n<p>38:23<\/p>\n<p><script async src=\"\/\/www.instagram.com\/embed.js\"><\/script><\/p>\n","protected":false},"excerpt":{"rendered":"Har varit ett par sedan 2020 Publicerad 2026-01-04 09.35 share-arrowDela unsaveSpara Gravidlycka! Hanna Sch\u00f6nberg och Eric Saade v\u00e4ntar&hellip;\n","protected":false},"author":2,"featured_media":125832,"comment_status":"","ping_status":"","sticky":false,"template":"","format":"standard","meta":{"footnotes":""},"categories":[67],"tags":[104,34,31,33,32,30,105],"class_list":{"0":"post-125831","1":"post","2":"type-post","3":"status-publish","4":"format-standard","5":"has-post-thumbnail","7":"category-underhallning","8":"tag-entertainment","9":"tag-se","10":"tag-svenska","11":"tag-sverige","12":"tag-sweden","13":"tag-swedish","14":"tag-underhallning"},"share_on_mastodon":{"url":"https:\/\/pubeurope.com\/@se\/115840037938866529","error":""},"_links":{"self":[{"href":"https:\/\/www.europesays.com\/se\/wp-json\/wp\/v2\/posts\/125831","targetHints":{"allow":["GET"]}}],"collection":[{"href":"https:\/\/www.europesays.com\/se\/wp-json\/wp\/v2\/posts"}],"about":[{"href":"https:\/\/www.europesays.com\/se\/wp-json\/wp\/v2\/types\/post"}],"author":[{"embeddable":true,"href":"https:\/\/www.europesays.com\/se\/wp-json\/wp\/v2\/users\/2"}],"replies":[{"embeddable":true,"href":"https:\/\/www.europesays.com\/se\/wp-json\/wp\/v2\/comments?post=125831"}],"version-history":[{"count":0,"href":"https:\/\/www.europesays.com\/se\/wp-json\/wp\/v2\/posts\/125831\/revisions"}],"wp:featuredmedia":[{"embeddable":true,"href":"https:\/\/www.europesays.com\/se\/wp-json\/wp\/v2\/media\/125832"}],"wp:attachment":[{"href":"https:\/\/www.europesays.com\/se\/wp-json\/wp\/v2\/media?parent=125831"}],"wp:term":[{"taxonomy":"category","embeddable":true,"href":"https:\/\/www.europesays.com\/se\/wp-json\/wp\/v2\/categories?post=125831"},{"taxonomy":"post_tag","embeddable":true,"href":"https:\/\/www.europesays.com\/se\/wp-json\/wp\/v2\/tags?post=125831"}],"curies":[{"name":"wp","href":"https:\/\/api.w.org\/{rel}","templated":true}]}}