{"id":125843,"date":"2026-01-05T02:38:11","date_gmt":"2026-01-05T02:38:11","guid":{"rendered":"https:\/\/www.europesays.com\/se\/125843\/"},"modified":"2026-01-05T02:38:11","modified_gmt":"2026-01-05T02:38:11","slug":"nar-sparandet-blir-ett-fangelse-vagar-pensionarer-unna-sig","status":"publish","type":"post","link":"https:\/\/www.europesays.com\/se\/125843\/","title":{"rendered":"N\u00e4r sparandet blir ett f\u00e4ngelse \u2013 v\u00e5gar pension\u00e4rer unna sig?"},"content":{"rendered":"<p>N\u00e4r sparandet blir ett f\u00e4ngelse <\/p>\n<p>Att m\u00e5nga svenskar beh\u00f6ver spara mer \u00e4r odiskutabelt. Finansinspektionen har visat att varannan svensk saknar 10 000 kronor i buffert, och skulder hos Kronofogden kan b\u00f6rja med sm\u00e5 vardagsutgifter. F\u00f6r dessa grupper \u00e4r sparr\u00e5d n\u00f6dv\u00e4ndiga och ibland avg\u00f6rande.<\/p>\n<p>Samtidigt finns det pension\u00e4rer med stabil ekonomi. Boenden som k\u00f6pts f\u00f6rm\u00e5nligt, renoverats och s\u00e4krats mot framtida kostnader, bundna r\u00e4ntor och kloka investeringar. Trots detta forts\u00e4tter bankerna att f\u00f6resl\u00e5 nya sparprodukter och ytterligare sparande.<\/p>\n<p>R\u00e5den \u00e4r generella. Alla f\u00e5r dem. Och det faktum att bankerna tj\u00e4nar pengar p\u00e5 sparprodukter \u00e4r sannolikt ingen oviktig detalj.<\/p>\n<p>Ekonomireportern <strong>Alexander Piauger\u00a0<\/strong>skriver i <a href=\"https:\/\/www.gp.se\/ekonomi\/ar-det-fel-att-inte-vilja-spara.2209969e-337c-4165-8270-17c39ae5cf4a\" rel=\"nofollow noopener\" target=\"_blank\">G\u00f6teborgs-Posten<\/a>.<\/p>\n<p>\u201cEn vanlig uppfattning bland ekonomigurus \u00e4r att sparande handlar om att f\u00e5 in en vana. Till exempel att man inte ska spara det som blir kvar i slutet av varje m\u00e5nad, utan i st\u00e4llet inleda m\u00e5naden med att dra sitt sparande fr\u00e5n l\u00f6nen. Kanske ocks\u00e5 skapa vanan att j\u00e4mf\u00f6ra priser \u2013 eller vanan att inte k\u00f6pa saker p\u00e5 impuls. Men om det finns en enda sak som \u00e4r sv\u00e5rare \u00e4n att medvetet skapa en vana, s\u00e5 \u00e4r det v\u00e4l att efter m\u00e5nga, m\u00e5nga \u00e5r \u00e4ndra p\u00e5 den?\u201d<\/p>\n<p>Den som under decennier tr\u00e4nat upp vanor kring f\u00f6rsiktighet, prisj\u00e4mf\u00f6relser och sj\u00e4lvdisciplin kan ha sv\u00e5rt att pl\u00f6tsligt g\u00f6ra tv\u00e4rtom. Att resa spontant. Att unna sig det som inte \u00e4r strikt n\u00f6dv\u00e4ndigt.<\/p>\n<p>\u201cM\u00e5let med att spara en del av sina pengar \u00e4r ju inte att s\u00e4tta bojor p\u00e5 sig sj\u00e4lv f\u00f6r sakens skull. Tv\u00e4rtom ska ju sparandet skapa b\u00e4ttre f\u00f6ruts\u00e4ttningar att njuta av sitt liv. D\u00e4rf\u00f6r ska slutm\u00e5let sj\u00e4lvklart alltid vara att anv\u00e4nda upp pengarna! P\u00e5 ett eller annat s\u00e4tt\u201d, skriver Alexander Piauger.<\/p>\n<p><strong>L\u00e4s mer p\u00e5 News55:<\/strong><\/p>\n<p><a href=\"https:\/\/www.news55.se\/privatekonomi\/boende\/smarta-knepet-sa-kan-du-isolera-dina-fonster-och-spara-energi\/\" rel=\"nofollow noopener\" target=\"_blank\">Smarta knepet: S\u00e5 kan du isolera dina f\u00f6nster och spara energi<\/a><\/p>\n<p><a href=\"https:\/\/www.news55.se\/privatekonomi\/se-upp-for-rantesmallen-tusentals-kronor-dyrare-nar-avdraget-slopas\/\" rel=\"nofollow noopener\" target=\"_blank\">Se upp f\u00f6r l\u00e5nef\u00e4llan \u2013 tusentals kronor dyrare n\u00e4r avdraget slopas<\/a><\/p>\n<p><a href=\"https:\/\/www.news55.se\/privatekonomi\/sa-undviker-du-kvarskatt-pa-pensionen-men-du-maste-agera-nu\/\" rel=\"nofollow noopener\" target=\"_blank\">S\u00e5 undviker du kvarskatt p\u00e5 pensionen \u2013 men du m\u00e5ste agera nu<\/a><\/p>\n<p><a href=\"https:\/\/www.news55.se\/privatekonomi\/sa-blir-pensionen-2026-fyra-forandringar-som-kan-kosta-dig-tusenlappar\/\" rel=\"nofollow noopener\" target=\"_blank\">Pensionen 2026: Fyra \u00e4ndringar som kan kosta dig tusenlappar<\/a><\/p>\n<p>L\u00e4s mer fr\u00e5n News55 &#8211; v\u00e5rt nyhetsbrev \u00e4r kostnadsfritt:Prenumerera<\/p>\n","protected":false},"excerpt":{"rendered":"N\u00e4r sparandet blir ett f\u00e4ngelse Att m\u00e5nga svenskar beh\u00f6ver spara mer \u00e4r odiskutabelt. Finansinspektionen har visat att varannan&hellip;\n","protected":false},"author":2,"featured_media":125844,"comment_status":"","ping_status":"","sticky":false,"template":"","format":"standard","meta":{"footnotes":""},"categories":[65],"tags":[72,13096,70,71,349,4199,34,6056,6863,31,33,32,30],"class_list":{"0":"post-125843","1":"post","2":"type-post","3":"status-publish","4":"format-standard","5":"has-post-thumbnail","7":"category-ekonomi","8":"tag-business","9":"tag-die-with-zero","10":"tag-economy","11":"tag-ekonomi","12":"tag-privatekonomi","13":"tag-resa","14":"tag-se","15":"tag-spara-och-placera","16":"tag-sparkonto","17":"tag-svenska","18":"tag-sverige","19":"tag-sweden","20":"tag-swedish"},"share_on_mastodon":{"url":"https:\/\/pubeurope.com\/@se\/115840175468718224","error":""},"_links":{"self":[{"href":"https:\/\/www.europesays.com\/se\/wp-json\/wp\/v2\/posts\/125843","targetHints":{"allow":["GET"]}}],"collection":[{"href":"https:\/\/www.europesays.com\/se\/wp-json\/wp\/v2\/posts"}],"about":[{"href":"https:\/\/www.europesays.com\/se\/wp-json\/wp\/v2\/types\/post"}],"author":[{"embeddable":true,"href":"https:\/\/www.europesays.com\/se\/wp-json\/wp\/v2\/users\/2"}],"replies":[{"embeddable":true,"href":"https:\/\/www.europesays.com\/se\/wp-json\/wp\/v2\/comments?post=125843"}],"version-history":[{"count":0,"href":"https:\/\/www.europesays.com\/se\/wp-json\/wp\/v2\/posts\/125843\/revisions"}],"wp:featuredmedia":[{"embeddable":true,"href":"https:\/\/www.europesays.com\/se\/wp-json\/wp\/v2\/media\/125844"}],"wp:attachment":[{"href":"https:\/\/www.europesays.com\/se\/wp-json\/wp\/v2\/media?parent=125843"}],"wp:term":[{"taxonomy":"category","embeddable":true,"href":"https:\/\/www.europesays.com\/se\/wp-json\/wp\/v2\/categories?post=125843"},{"taxonomy":"post_tag","embeddable":true,"href":"https:\/\/www.europesays.com\/se\/wp-json\/wp\/v2\/tags?post=125843"}],"curies":[{"name":"wp","href":"https:\/\/api.w.org\/{rel}","templated":true}]}}