{"id":125847,"date":"2026-01-05T02:57:12","date_gmt":"2026-01-05T02:57:12","guid":{"rendered":"https:\/\/www.europesays.com\/se\/125847\/"},"modified":"2026-01-05T02:57:12","modified_gmt":"2026-01-05T02:57:12","slug":"evangelie-lilly-traumatiskt-hjarnskadad-fick-beskedet-manader-efter-olyckan","status":"publish","type":"post","link":"https:\/\/www.europesays.com\/se\/125847\/","title":{"rendered":"Evangelie Lilly traumatiskt hj\u00e4rnskadad &#8211; fick beskedet m\u00e5nader efter olyckan"},"content":{"rendered":"<p>I v\u00e5ras r\u00e5kade sk\u00e5despelerskan Evangeline Lilly, k\u00e4nd fr\u00e5n \u201dLost\u201d och Marvels \u201dAnt-Man\u201d-filmer, ut f\u00f6r en rej\u00e4l olycka. Hon svimmade, n\u00e5got hon varit ben\u00e4gen att g\u00f6ra sedan barnsben, och slog huvudet i ett stenblock.<\/p>\n<p>I ett inl\u00e4gg p\u00e5 Instagram ber\u00e4ttar Lilly om hur det st\u00e5r till, och det \u00e4r inte goda nyheter. R\u00f6ntgen har n\u00e4mligen visat att hon har en rej\u00e4l hj\u00e4rnskada (en TBI, som st\u00e5r f\u00f6r \u201dtraumatic brain injury\u201d). <\/p>\n<p>\u2013\u00a0 N\u00e4stan alla delar av min hj\u00e4rna fungerar med nedsatt kapacitet.<\/p>\n<p>Sk\u00e5despelerskan ser dock p\u00e5 framtiden med hopp och tillf\u00f6rsikt.<\/p>\n<p>\u2013\u00a0 Mitt jobb \u00e4r att g\u00e5 till botten med det tillsammans med l\u00e4karna och sedan p\u00e5b\u00f6rja det h\u00e5rda arbetet med att fixa det, vilket jag inte ser fram emot eftersom jag k\u00e4nner att h\u00e5rt arbete \u00e4r allt jag g\u00f6r.<\/p>\n<p>Inget ont som inte f\u00f6r n\u00e5got gott med sig. Lillys jular har till exempel inte varit s\u00e5h\u00e4r lugna sedan innan hennes barn f\u00f6ddes.<\/p>\n<p>\u2013\u00a0 Men det \u00e4r okej. Min kognitiva f\u00f6rs\u00e4mring sedan jag krossade ansiktet har hj\u00e4lpt mig att sakta ner och hj\u00e4lpt mig att f\u00e5 en mer vilsam avslutning p\u00e5 mitt 2025.<\/p>\n<p>Evangeline Lilly meddelade f\u00f6r ungef\u00e4r 1\u00bd \u00e5r sedan att <a href=\"https:\/\/www.moviezine.se\/nyheter\/evangeline-lilly-lagger-skadespeleriet-pa-hyllan\" rel=\"nofollow noopener\" target=\"_blank\">hon pensionerat sig fr\u00e5n sk\u00e5despeleriet<\/a>. <\/p>\n<p>L\u00e4s ocks\u00e5: <a href=\"https:\/\/www.moviezine.se\/nyheter\/jeremy-renner-efter-olycka-stark-igen\" title=\"2 \u00e5r sedan Jeremy Renners sn\u00f6plogsolycka: \u201dTacksam att vara i livet\u201d\" class=\"underline-custom !font-montserrat !font-bold !underline-offset-4 !decoration-4 !decoration-moviezine-green !text-md\" rel=\"nofollow noopener\" target=\"_blank\">2 \u00e5r sedan Jeremy Renners sn\u00f6plogsolycka: \u201dTacksam att vara i livet\u201d<\/a><\/p>\n<p>Kolla in inl\u00e4gget fr\u00e5n Instagram h\u00e4r:<\/p>\n<p>L\u00e4s ocks\u00e5: <a href=\"https:\/\/www.moviezine.se\/nyheter\/skadespelare-skadad-i-indiana-jones-relaterad-olycka\" title=\"Sk\u00e5despelare skadad i \u201dIndiana Jones\u201d-relaterad olycka\" class=\"underline-custom !font-montserrat !font-bold !underline-offset-4 !decoration-4 !decoration-moviezine-green !text-md\" rel=\"nofollow noopener\" target=\"_blank\">Sk\u00e5despelare skadad i \u201dIndiana Jones\u201d-relaterad olycka<\/a><\/p>\n","protected":false},"excerpt":{"rendered":"I v\u00e5ras r\u00e5kade sk\u00e5despelerskan Evangeline Lilly, k\u00e4nd fr\u00e5n \u201dLost\u201d och Marvels \u201dAnt-Man\u201d-filmer, ut f\u00f6r en rej\u00e4l olycka. Hon&hellip;\n","protected":false},"author":2,"featured_media":125848,"comment_status":"","ping_status":"","sticky":false,"template":"","format":"standard","meta":{"footnotes":""},"categories":[5],"tags":[22,23,26,27,17,21,2394,24,25,28,29,15,16,18,34,31,33,32,30,19,20],"class_list":{"0":"post-125847","1":"post","2":"type-post","3":"status-publish","4":"format-standard","5":"has-post-thumbnail","7":"category-rubriker","8":"tag-breaking-news","9":"tag-breakingnews","10":"tag-featured-news","11":"tag-featurednews","12":"tag-headlines","13":"tag-huvudnyheter","14":"tag-kandisar","15":"tag-latest-news","16":"tag-latestnews","17":"tag-main-news","18":"tag-mainnews","19":"tag-news","20":"tag-nyheter","21":"tag-rubriker","22":"tag-se","23":"tag-svenska","24":"tag-sverige","25":"tag-sweden","26":"tag-swedish","27":"tag-top-stories","28":"tag-topstories"},"share_on_mastodon":{"url":"https:\/\/pubeurope.com\/@se\/115840250193570408","error":""},"_links":{"self":[{"href":"https:\/\/www.europesays.com\/se\/wp-json\/wp\/v2\/posts\/125847","targetHints":{"allow":["GET"]}}],"collection":[{"href":"https:\/\/www.europesays.com\/se\/wp-json\/wp\/v2\/posts"}],"about":[{"href":"https:\/\/www.europesays.com\/se\/wp-json\/wp\/v2\/types\/post"}],"author":[{"embeddable":true,"href":"https:\/\/www.europesays.com\/se\/wp-json\/wp\/v2\/users\/2"}],"replies":[{"embeddable":true,"href":"https:\/\/www.europesays.com\/se\/wp-json\/wp\/v2\/comments?post=125847"}],"version-history":[{"count":0,"href":"https:\/\/www.europesays.com\/se\/wp-json\/wp\/v2\/posts\/125847\/revisions"}],"wp:featuredmedia":[{"embeddable":true,"href":"https:\/\/www.europesays.com\/se\/wp-json\/wp\/v2\/media\/125848"}],"wp:attachment":[{"href":"https:\/\/www.europesays.com\/se\/wp-json\/wp\/v2\/media?parent=125847"}],"wp:term":[{"taxonomy":"category","embeddable":true,"href":"https:\/\/www.europesays.com\/se\/wp-json\/wp\/v2\/categories?post=125847"},{"taxonomy":"post_tag","embeddable":true,"href":"https:\/\/www.europesays.com\/se\/wp-json\/wp\/v2\/tags?post=125847"}],"curies":[{"name":"wp","href":"https:\/\/api.w.org\/{rel}","templated":true}]}}