{"id":125854,"date":"2026-01-05T03:32:06","date_gmt":"2026-01-05T03:32:06","guid":{"rendered":"https:\/\/www.europesays.com\/se\/125854\/"},"modified":"2026-01-05T03:32:06","modified_gmt":"2026-01-05T03:32:06","slug":"critics-choice-awards-2026-de-blev-stora-vinnarna","status":"publish","type":"post","link":"https:\/\/www.europesays.com\/se\/125854\/","title":{"rendered":"Critics Choice Awards 2026: De blev stora vinnarna"},"content":{"rendered":"<p>Publicerad 5 jan 2026 kl 04.18Uppdaterad kl 04.29<\/p>\n<p>\u201dAdolescence\u201d, \u201dSinners\u201d och \u201dFrankenstein\u201d blev de stora vinnarna p\u00e5 Critics Choice Awards natten mot m\u00e5ndag.<\/p>\n<p>Svensken Ludwig G\u00f6ransson kammade hem ett pris.<\/p>\n<p>Landsmannen Alexander Skarsg\u00e5rd sk\u00e4mtade med sin pappa Stellan Skarsg\u00e5rd p\u00e5 r\u00f6da mattan \u2013 och fick honom att gapskratta.<\/p>\n<p>Senaste n\u00f6jesklippen fr\u00e5n Expressen.<img   alt=\"\"\/><\/p>\n<p>Stellan Skarsg\u00e5rd och Alexander Skarsg\u00e5rd p\u00e5 Critics Choice Awards.<\/p>\n<p>Foto: Instagram<\/p>\n<p>\u00d6ppna bild i helsk\u00e4rm<img loading=\"lazy\"   alt=\"\"\/><\/p>\n<p>Alexander Skarsg\u00e5rd p\u00e5 Critics Choice Awards.<\/p>\n<p>Foto: JORDAN STRAUSS \/ AP TT NYHETSBYR\u00c5N<\/p>\n<p>\u00d6ppna bild i helsk\u00e4rm<\/p>\n<p>Kritikergalan Critics Choice Awards h\u00f6lls i Santa Monica, Kalifornien, natten mot m\u00e5ndag.\u00a0<\/p>\n<p>Filmerna \u201dFrankenstein\u201d och \u201dSinners\u201d fick fyra priser var f\u00f6re \u201dOne Battle After Another\u201d som fick tre, inklusive b\u00e4sta film.<\/p>\n<p>\u201dAdolescence\u201d fick fyra priser, inklusive b\u00e4sta miniserie, vilket var flest i tv-kategorin. \u201dThe Pitt\u201d uts\u00e5gs till b\u00e4sta dramaserie och \u201dThe Studio\u201d till b\u00e4sta komediserie.<\/p>\n<p>Svensken Ludwig G\u00f6ransson vann pris f\u00f6r b\u00e4sta filmmusik f\u00f6r \u201dSinners\u201d.<\/p>\n<p>\u201dDen \u00e4r lite v\u00e5gad\u201d<\/p>\n<p>Landsmannen <a href=\"https:\/\/www.expressen.se\/tagg\/person\/alexander-skarsgard\/\" class=\"\" rel=\"nofollow noopener\" target=\"_blank\">Alexander Skarsg\u00e5rd<\/a>, som var p\u00e5 galan med sin pappa Stellan Skarsg\u00e5rd, var nominerad i kategorin b\u00e4sta manliga sk\u00e5despelare i en komediserie f\u00f6r rollen i \u201dMurderbot\u201d, men priset gick till Seth Rogen i \u201dThe Studio\u201d.<\/p>\n<p>Alexander Skarsg\u00e5rd \u00e4r ocks\u00e5 aktuell med filmen \u201dPillion\u201d d\u00e4r han har ett sadomasochistiskt f\u00f6rh\u00e5llande med en man. Tillfr\u00e5gad om filmen p\u00e5 r\u00f6da mattan sade han:<\/p>\n<p>\u2013 Ja, den \u00e4r lite v\u00e5gad.<\/p>\n<p>Tillfr\u00e5gad om hur han k\u00e4nde inf\u00f6r att familjen skulle se filmen svarade Alexander Skarsg\u00e5rd:<\/p>\n<p>\u2013 Jag s\u00e5g filmen med min pappa p\u00e5 Telluride-filmfestivalen, vi satt bredvid varandra i publiken. Och han blev upphetsad av den.<\/p>\n<p>Stellan Skarsg\u00e5rd h\u00f6rdes gapskratta innan sonen f\u00f6rtydligade sin kommentar:<\/p>\n<p>\u2013 Inte av sin son, men&#8230;<\/p>\n<p>Far och son gav sedan varandra en kram.<\/p>\n","protected":false},"excerpt":{"rendered":"Publicerad 5 jan 2026 kl 04.18Uppdaterad kl 04.29 \u201dAdolescence\u201d, \u201dSinners\u201d och \u201dFrankenstein\u201d blev de stora vinnarna p\u00e5 Critics&hellip;\n","protected":false},"author":2,"featured_media":125855,"comment_status":"","ping_status":"","sticky":false,"template":"","format":"standard","meta":{"footnotes":""},"categories":[67],"tags":[104,4630,4055,34,31,33,32,30,109,105],"class_list":{"0":"post-125854","1":"post","2":"type-post","3":"status-publish","4":"format-standard","5":"has-post-thumbnail","7":"category-underhallning","8":"tag-entertainment","9":"tag-person-alexander-skarsgard","10":"tag-person-stellan-skarsgard","11":"tag-se","12":"tag-svenska","13":"tag-sverige","14":"tag-sweden","15":"tag-swedish","16":"tag-topic-skadespelare","17":"tag-underhallning"},"share_on_mastodon":{"url":"https:\/\/pubeurope.com\/@se\/115840387838947094","error":""},"_links":{"self":[{"href":"https:\/\/www.europesays.com\/se\/wp-json\/wp\/v2\/posts\/125854","targetHints":{"allow":["GET"]}}],"collection":[{"href":"https:\/\/www.europesays.com\/se\/wp-json\/wp\/v2\/posts"}],"about":[{"href":"https:\/\/www.europesays.com\/se\/wp-json\/wp\/v2\/types\/post"}],"author":[{"embeddable":true,"href":"https:\/\/www.europesays.com\/se\/wp-json\/wp\/v2\/users\/2"}],"replies":[{"embeddable":true,"href":"https:\/\/www.europesays.com\/se\/wp-json\/wp\/v2\/comments?post=125854"}],"version-history":[{"count":0,"href":"https:\/\/www.europesays.com\/se\/wp-json\/wp\/v2\/posts\/125854\/revisions"}],"wp:featuredmedia":[{"embeddable":true,"href":"https:\/\/www.europesays.com\/se\/wp-json\/wp\/v2\/media\/125855"}],"wp:attachment":[{"href":"https:\/\/www.europesays.com\/se\/wp-json\/wp\/v2\/media?parent=125854"}],"wp:term":[{"taxonomy":"category","embeddable":true,"href":"https:\/\/www.europesays.com\/se\/wp-json\/wp\/v2\/categories?post=125854"},{"taxonomy":"post_tag","embeddable":true,"href":"https:\/\/www.europesays.com\/se\/wp-json\/wp\/v2\/tags?post=125854"}],"curies":[{"name":"wp","href":"https:\/\/api.w.org\/{rel}","templated":true}]}}