{"id":125869,"date":"2026-01-05T04:12:07","date_gmt":"2026-01-05T04:12:07","guid":{"rendered":"https:\/\/www.europesays.com\/se\/125869\/"},"modified":"2026-01-05T04:12:07","modified_gmt":"2026-01-05T04:12:07","slug":"ny-forskning-pekar-pa-det-ursprungliga-syftet-med-bayeuxtapeten","status":"publish","type":"post","link":"https:\/\/www.europesays.com\/se\/125869\/","title":{"rendered":"Ny forskning pekar p\u00e5 det ursprungliga syftet med Bayeuxtapeten"},"content":{"rendered":"<p>Om teorin st\u00e4mmer skulle tv\u00e5 av Bayeuxtapetens st\u00f6rsta mysterier l\u00f6sas.<\/p>\n<p>Privat f\u00f6rvaring i klostret f\u00f6rklarar bristen p\u00e5 tidiga k\u00e4llor, medan de m\u00e5lande munkarna \u00e4r den perfekta m\u00e5lgruppen f\u00f6r verkets l\u00e4rda men f\u00e4rgstarka skildring.<\/p>\n<p>Pohl har inga konkreta bevis.<\/p>\n<p>Men han tror att m\u00e5ltiderna d\u00e5, precis som nu, handlade om underh\u00e5llning, umg\u00e4nge och gemenskap. \u201dI detta sammanhang skulle Bayeuxtapeten ha fyllt sin funktion perfekt\u201d, konstaterar han i ett <a href=\"https:\/\/www.bristol.ac.uk\/news\/2025\/december\/bayeux-tapestry.html#:~:text=Bayeux%20Tapestry%20could%20have%20been%20originally%20designed%20as%20mealtime%20reading%20for%20medieval%20monks&amp;text=New%20research%20by%20an%20historian,the%20world%2Dfamous%20Bayeux%20Tapestry.\" hash=\"#:~:text=Bayeux%20Tapestry%20could%20have%20been%20originally%20designed%20as%20mealtime%20reading%20for%20medieval%20monks&amp;text=New%20research%20by%20an%20historian,the%20world%2Dfamous%20Bayeux%20Tapestry.\" target=\"_blank\" class=\"hover:font-bold\" rel=\"nofollow noopener\">uttalande<\/a>.<\/p>\n<p>H\u00f6sten 1066 korsade hertig Vilhelm av Normandie Engelska kanalen med en invasionsstyrka best\u00e5ende av b\u00e5gskyttar och riddare. Snart befann sig den engelske kungen Harold Godwinson i en kamp p\u00e5 liv och d\u00f6d n\u00e4r ett av historiens mest avg\u00f6rande slag utk\u00e4mpades vid Hastings. H\u00e4r kan du f\u00e5 en inblick i hur slaget f\u00f6rl\u00f6pte.<\/p>\n","protected":false},"excerpt":{"rendered":"Om teorin st\u00e4mmer skulle tv\u00e5 av Bayeuxtapetens st\u00f6rsta mysterier l\u00f6sas. Privat f\u00f6rvaring i klostret f\u00f6rklarar bristen p\u00e5 tidiga&hellip;\n","protected":false},"author":2,"featured_media":125870,"comment_status":"","ping_status":"","sticky":false,"template":"","format":"standard","meta":{"footnotes":""},"categories":[67],"tags":[104,34,31,33,32,30,105],"class_list":{"0":"post-125869","1":"post","2":"type-post","3":"status-publish","4":"format-standard","5":"has-post-thumbnail","7":"category-underhallning","8":"tag-entertainment","9":"tag-se","10":"tag-svenska","11":"tag-sverige","12":"tag-sweden","13":"tag-swedish","14":"tag-underhallning"},"share_on_mastodon":{"url":"https:\/\/pubeurope.com\/@se\/115840545100696725","error":""},"_links":{"self":[{"href":"https:\/\/www.europesays.com\/se\/wp-json\/wp\/v2\/posts\/125869","targetHints":{"allow":["GET"]}}],"collection":[{"href":"https:\/\/www.europesays.com\/se\/wp-json\/wp\/v2\/posts"}],"about":[{"href":"https:\/\/www.europesays.com\/se\/wp-json\/wp\/v2\/types\/post"}],"author":[{"embeddable":true,"href":"https:\/\/www.europesays.com\/se\/wp-json\/wp\/v2\/users\/2"}],"replies":[{"embeddable":true,"href":"https:\/\/www.europesays.com\/se\/wp-json\/wp\/v2\/comments?post=125869"}],"version-history":[{"count":0,"href":"https:\/\/www.europesays.com\/se\/wp-json\/wp\/v2\/posts\/125869\/revisions"}],"wp:featuredmedia":[{"embeddable":true,"href":"https:\/\/www.europesays.com\/se\/wp-json\/wp\/v2\/media\/125870"}],"wp:attachment":[{"href":"https:\/\/www.europesays.com\/se\/wp-json\/wp\/v2\/media?parent=125869"}],"wp:term":[{"taxonomy":"category","embeddable":true,"href":"https:\/\/www.europesays.com\/se\/wp-json\/wp\/v2\/categories?post=125869"},{"taxonomy":"post_tag","embeddable":true,"href":"https:\/\/www.europesays.com\/se\/wp-json\/wp\/v2\/tags?post=125869"}],"curies":[{"name":"wp","href":"https:\/\/api.w.org\/{rel}","templated":true}]}}