{"id":125875,"date":"2026-01-05T04:20:10","date_gmt":"2026-01-05T04:20:10","guid":{"rendered":"https:\/\/www.europesays.com\/se\/125875\/"},"modified":"2026-01-05T04:20:10","modified_gmt":"2026-01-05T04:20:10","slug":"lia-larsson-slapper-albumet-dunka","status":"publish","type":"post","link":"https:\/\/www.europesays.com\/se\/125875\/","title":{"rendered":"Lia Larsson sl\u00e4pper albumet Dunka"},"content":{"rendered":"<p>Lia Larsson fr\u00e5n Dalarna fick ett genombrott \u00e5r 2022 med debutsingeln &#8221;Va sa \u2019ru (Russin p\u00e5 russin av)&#8221;. Sedan dess har hon sl\u00e4ppt en rad epadunkhits som sammanlagt genererat n\u00e4stan 90 miljoner spelningar p\u00e5 Spotify, sjungit i &#8221;Alls\u00e5ng p\u00e5 Skansen&#8221; och t\u00e4vlat i Melodifestivalen, med &#8221;30 KM\/H&#8221;. Nyligen medverkade hon i &#8221;Sveriges dummaste&#8221; p\u00e5 TV4.N\u00e4r hon nu sl\u00e4pper album<\/p>\n","protected":false},"excerpt":{"rendered":"Lia Larsson fr\u00e5n Dalarna fick ett genombrott \u00e5r 2022 med debutsingeln &#8221;Va sa \u2019ru (Russin p\u00e5 russin av)&#8221;.&hellip;\n","protected":false},"author":2,"featured_media":125876,"comment_status":"","ping_status":"","sticky":false,"template":"","format":"standard","meta":{"footnotes":""},"categories":[67],"tags":[104,34,31,33,32,30,105],"class_list":{"0":"post-125875","1":"post","2":"type-post","3":"status-publish","4":"format-standard","5":"has-post-thumbnail","7":"category-underhallning","8":"tag-entertainment","9":"tag-se","10":"tag-svenska","11":"tag-sverige","12":"tag-sweden","13":"tag-swedish","14":"tag-underhallning"},"share_on_mastodon":{"url":"https:\/\/pubeurope.com\/@se\/115840576578778507","error":""},"_links":{"self":[{"href":"https:\/\/www.europesays.com\/se\/wp-json\/wp\/v2\/posts\/125875","targetHints":{"allow":["GET"]}}],"collection":[{"href":"https:\/\/www.europesays.com\/se\/wp-json\/wp\/v2\/posts"}],"about":[{"href":"https:\/\/www.europesays.com\/se\/wp-json\/wp\/v2\/types\/post"}],"author":[{"embeddable":true,"href":"https:\/\/www.europesays.com\/se\/wp-json\/wp\/v2\/users\/2"}],"replies":[{"embeddable":true,"href":"https:\/\/www.europesays.com\/se\/wp-json\/wp\/v2\/comments?post=125875"}],"version-history":[{"count":0,"href":"https:\/\/www.europesays.com\/se\/wp-json\/wp\/v2\/posts\/125875\/revisions"}],"wp:featuredmedia":[{"embeddable":true,"href":"https:\/\/www.europesays.com\/se\/wp-json\/wp\/v2\/media\/125876"}],"wp:attachment":[{"href":"https:\/\/www.europesays.com\/se\/wp-json\/wp\/v2\/media?parent=125875"}],"wp:term":[{"taxonomy":"category","embeddable":true,"href":"https:\/\/www.europesays.com\/se\/wp-json\/wp\/v2\/categories?post=125875"},{"taxonomy":"post_tag","embeddable":true,"href":"https:\/\/www.europesays.com\/se\/wp-json\/wp\/v2\/tags?post=125875"}],"curies":[{"name":"wp","href":"https:\/\/api.w.org\/{rel}","templated":true}]}}