{"id":125887,"date":"2026-01-05T04:48:13","date_gmt":"2026-01-05T04:48:13","guid":{"rendered":"https:\/\/www.europesays.com\/se\/125887\/"},"modified":"2026-01-05T04:48:13","modified_gmt":"2026-01-05T04:48:13","slug":"donald-trump-hotar-colombia-med-militara-atgarder","status":"publish","type":"post","link":"https:\/\/www.europesays.com\/se\/125887\/","title":{"rendered":"Donald Trump hotar Colombia med milit\u00e4ra \u00e5tg\u00e4rder"},"content":{"rendered":"<p>Efter helgens attack mot Venezuela v\u00e4nder USA:s president Donald Trump blicken mot Colombia. Under natten mot m\u00e5ndag varnade Trump f\u00f6r att USA inte kommer att till\u00e5ta narkotika fl\u00f6da in i landet.<\/p>\n<p>\u2013 Colombia \u00e4r ocks\u00e5 ett v\u00e4ldigt sjukt land, som styrs av en sjuk man som gillar att tillverka kokain och s\u00e4lja det till USA. Och han kommer inte att g\u00f6ra det l\u00e4nge till, det kan jag lova, sa Trump till reportrar ombord p\u00e5 Air Force One, rapporterar Bloomberg.<\/p>\n<p>Trump fick d\u00e5 fr\u00e5gan om det inneb\u00e4r att USA kommer att agera milit\u00e4rt mot Colombia.<\/p>\n<p>\u2013 Det l\u00e5ter bra i mina \u00f6ron, svarade han.<\/p>\n<p>Colombias president, v\u00e4nsterpolitikern Gustavo Petro, har legat i luven med Trump i flera m\u00e5naders tid. Han har kraftigt kritiserat USA:s insats i Venezuela. <\/p>\n<p>Omni \u00e4r politiskt obundna och oberoende. Vi str\u00e4var efter att ge fler perspektiv p\u00e5 nyheterna. Har du fr\u00e5gor eller synpunkter kring v\u00e5r rapportering? <a href=\"https:\/\/omni.se\/donald-trump-hotar-colombia-med-militara-atgarder\/a\/mailto:redaktion@omni.se\" class=\"ArticleActions_contactLink__W2F1M\" rel=\"nofollow noopener\" target=\"_blank\">Kontakta redaktionen<\/a><\/p>\n","protected":false},"excerpt":{"rendered":"Efter helgens attack mot Venezuela v\u00e4nder USA:s president Donald Trump blicken mot Colombia. Under natten mot m\u00e5ndag varnade&hellip;\n","protected":false},"author":2,"featured_media":125888,"comment_status":"","ping_status":"","sticky":false,"template":"","format":"standard","meta":{"footnotes":""},"categories":[14],"tags":[22,23,5563,385,26,27,5909,17,21,24,25,28,29,15,16,18,34,31,33,32,30,19,20,74,13061,51,2545,52,53,54],"class_list":{"0":"post-125887","1":"post","2":"type-post","3":"status-publish","4":"format-standard","5":"has-post-thumbnail","7":"category-varlden","8":"tag-breaking-news","9":"tag-breakingnews","10":"tag-colombia","11":"tag-donald-trump","12":"tag-featured-news","13":"tag-featurednews","14":"tag-gustavo-petro","15":"tag-headlines","16":"tag-huvudnyheter","17":"tag-latest-news","18":"tag-latestnews","19":"tag-main-news","20":"tag-mainnews","21":"tag-news","22":"tag-nyheter","23":"tag-rubriker","24":"tag-se","25":"tag-svenska","26":"tag-sverige","27":"tag-sweden","28":"tag-swedish","29":"tag-top-stories","30":"tag-topstories","31":"tag-usa","32":"tag-usa-vs-venezuela","33":"tag-varlden","34":"tag-venezuela","35":"tag-world","36":"tag-world-news","37":"tag-worldnews"},"share_on_mastodon":{"url":"https:\/\/pubeurope.com\/@se\/115840686631476148","error":""},"_links":{"self":[{"href":"https:\/\/www.europesays.com\/se\/wp-json\/wp\/v2\/posts\/125887","targetHints":{"allow":["GET"]}}],"collection":[{"href":"https:\/\/www.europesays.com\/se\/wp-json\/wp\/v2\/posts"}],"about":[{"href":"https:\/\/www.europesays.com\/se\/wp-json\/wp\/v2\/types\/post"}],"author":[{"embeddable":true,"href":"https:\/\/www.europesays.com\/se\/wp-json\/wp\/v2\/users\/2"}],"replies":[{"embeddable":true,"href":"https:\/\/www.europesays.com\/se\/wp-json\/wp\/v2\/comments?post=125887"}],"version-history":[{"count":0,"href":"https:\/\/www.europesays.com\/se\/wp-json\/wp\/v2\/posts\/125887\/revisions"}],"wp:featuredmedia":[{"embeddable":true,"href":"https:\/\/www.europesays.com\/se\/wp-json\/wp\/v2\/media\/125888"}],"wp:attachment":[{"href":"https:\/\/www.europesays.com\/se\/wp-json\/wp\/v2\/media?parent=125887"}],"wp:term":[{"taxonomy":"category","embeddable":true,"href":"https:\/\/www.europesays.com\/se\/wp-json\/wp\/v2\/categories?post=125887"},{"taxonomy":"post_tag","embeddable":true,"href":"https:\/\/www.europesays.com\/se\/wp-json\/wp\/v2\/tags?post=125887"}],"curies":[{"name":"wp","href":"https:\/\/api.w.org\/{rel}","templated":true}]}}