{"id":125895,"date":"2026-01-05T05:04:47","date_gmt":"2026-01-05T05:04:47","guid":{"rendered":"https:\/\/www.europesays.com\/se\/125895\/"},"modified":"2026-01-05T05:04:47","modified_gmt":"2026-01-05T05:04:47","slug":"venezuela-bricka-i-spelet-med-kina","status":"publish","type":"post","link":"https:\/\/www.europesays.com\/se\/125895\/","title":{"rendered":"Venezuela bricka i spelet med Kina"},"content":{"rendered":"<p>Precis som m\u00e5nga andra experter r\u00e4knar Handelsbankens r\u00e5varuanalytiker Christian Kopfer inte med n\u00e5gon st\u00f6rre dramatik n\u00e4r terminerna i oljepriset b\u00f6rjar handlas igen i natt, skriv\u2026<\/p>\n<p>Omni \u00e4r politiskt obundna och oberoende. Vi str\u00e4var efter att ge fler perspektiv p\u00e5 nyheterna. Har du fr\u00e5gor eller synpunkter kring v\u00e5r rapportering? <a href=\"https:\/\/omniekonomi.se\/shb-analytikern-venezuela-bricka-i-spelet-med-kina\/a\/mailto:eko@omni.se\" class=\"ArticleActions_contactLink__W2F1M\" rel=\"nofollow noopener\" target=\"_blank\">Kontakta redaktionen<\/a><\/p>\n","protected":false},"excerpt":{"rendered":"Precis som m\u00e5nga andra experter r\u00e4knar Handelsbankens r\u00e5varuanalytiker Christian Kopfer inte med n\u00e5gon st\u00f6rre dramatik n\u00e4r terminerna i&hellip;\n","protected":false},"author":2,"featured_media":125896,"comment_status":"","ping_status":"","sticky":false,"template":"","format":"standard","meta":{"footnotes":""},"categories":[65],"tags":[72,70,71,291,549,268,2000,34,31,33,32,30,74,13061,2545],"class_list":{"0":"post-125895","1":"post","2":"type-post","3":"status-publish","4":"format-standard","5":"has-post-thumbnail","7":"category-ekonomi","8":"tag-business","9":"tag-economy","10":"tag-ekonomi","11":"tag-energi-ravaror","12":"tag-kina","13":"tag-nordamerika","14":"tag-olja","15":"tag-se","16":"tag-svenska","17":"tag-sverige","18":"tag-sweden","19":"tag-swedish","20":"tag-usa","21":"tag-usa-vs-venezuela","22":"tag-venezuela"},"share_on_mastodon":{"url":"https:\/\/pubeurope.com\/@se\/115840753545299447","error":""},"_links":{"self":[{"href":"https:\/\/www.europesays.com\/se\/wp-json\/wp\/v2\/posts\/125895","targetHints":{"allow":["GET"]}}],"collection":[{"href":"https:\/\/www.europesays.com\/se\/wp-json\/wp\/v2\/posts"}],"about":[{"href":"https:\/\/www.europesays.com\/se\/wp-json\/wp\/v2\/types\/post"}],"author":[{"embeddable":true,"href":"https:\/\/www.europesays.com\/se\/wp-json\/wp\/v2\/users\/2"}],"replies":[{"embeddable":true,"href":"https:\/\/www.europesays.com\/se\/wp-json\/wp\/v2\/comments?post=125895"}],"version-history":[{"count":0,"href":"https:\/\/www.europesays.com\/se\/wp-json\/wp\/v2\/posts\/125895\/revisions"}],"wp:featuredmedia":[{"embeddable":true,"href":"https:\/\/www.europesays.com\/se\/wp-json\/wp\/v2\/media\/125896"}],"wp:attachment":[{"href":"https:\/\/www.europesays.com\/se\/wp-json\/wp\/v2\/media?parent=125895"}],"wp:term":[{"taxonomy":"category","embeddable":true,"href":"https:\/\/www.europesays.com\/se\/wp-json\/wp\/v2\/categories?post=125895"},{"taxonomy":"post_tag","embeddable":true,"href":"https:\/\/www.europesays.com\/se\/wp-json\/wp\/v2\/tags?post=125895"}],"curies":[{"name":"wp","href":"https:\/\/api.w.org\/{rel}","templated":true}]}}