{"id":125901,"date":"2026-01-05T05:12:35","date_gmt":"2026-01-05T05:12:35","guid":{"rendered":"https:\/\/www.europesays.com\/se\/125901\/"},"modified":"2026-01-05T05:12:35","modified_gmt":"2026-01-05T05:12:35","slug":"morgonens-nyheter-ostbutik-lockar-med-delikatesser-ny-vd-tanker-utanfor-boxen-efter-rysare-sverige-klart-for-jvm-final","status":"publish","type":"post","link":"https:\/\/www.europesays.com\/se\/125901\/","title":{"rendered":"MORGONENS NYHETER: Ostbutik lockar med delikatesser \u2022 Ny vd t\u00e4nker utanf\u00f6r boxen \u2022 Efter rysare \u2013 Sverige klart f\u00f6r JVM-final"},"content":{"rendered":"<p class=\"mb-4 mx-auto max-w-xl\"><strong>Vill du f\u00e5 en snabb nyhetsuppdatering kring l\u00e4get i V\u00e4rmland? H\u00e4r \u00e4r morgonens nyheter.<\/strong><\/p>\n<p class=\"break-words mb-4 mx-auto max-w-xl\">Den ny\u00f6ppnade ostbutiken Brie &amp; bekanta g\u00f6r stor succ\u00e9 och kunderna str\u00f6mmar till.<\/p>\n<p><a class=\"in-article-link mb-4 mx-auto max-w-xl text-gray-900 hover:text-gray-900\/70 dark:text-gray-50 dark:hover:text-gray-50\/70\" href=\"https:\/\/www.nwt.se\/2026\/01\/05\/succe-for-ostbutiken-hyllas-av-kunder-och-handlare-fantastiskt-gensvar-07cee\/\" rel=\"nofollow noopener\" target=\"_blank\">Succ\u00e9 f\u00f6r ostbutiken \u2013 hyllas av kunder och handlare: \u201dFantastiskt gensvar\u201d<\/a><\/p>\n<p class=\"break-words mb-4 mx-auto max-w-xl\">Den nya vd:n f\u00f6r V\u00e4nerhamn vill f\u00f6rnya hamnverksamheten genom att inf\u00f6ra m\u00e5lstyrt arbete och \u00f6ka kapaciteten.<\/p>\n<p><a class=\"in-article-link mb-4 mx-auto max-w-xl text-gray-900 hover:text-gray-900\/70 dark:text-gray-50 dark:hover:text-gray-50\/70\" href=\"https:\/\/www.nwt.se\/2026\/01\/05\/vanerhamns-nya-vd-ser-positivt-pa-framtiden-och-utvecklingen-i-kristinehamn-365bb\/\" rel=\"nofollow noopener\" target=\"_blank\">Nya vd:n ser positivt p\u00e5 framtiden \u2013 kan bli miljoninvestering: \u201dLite hemligt \u00e4n\u201d<\/a><\/p>\n<p class=\"break-words mb-4 mx-auto max-w-xl\">Sverige \u00e4r klart f\u00f6r final i junior-VM i ishockey efter ett j\u00e4ttedrama mot Finland.<\/p>\n<p><a class=\"in-article-link mb-4 mx-auto max-w-xl text-gray-900 hover:text-gray-900\/70 dark:text-gray-50 dark:hover:text-gray-50\/70\" href=\"https:\/\/www.nwt.se\/2026\/01\/05\/sverige-till-jvm-final-efter-rysare-mot-finland-5ef26\/\" rel=\"nofollow noopener\" target=\"_blank\">Sverige till JVM-final efter rysare mot Finland<\/a><\/p>\n","protected":false},"excerpt":{"rendered":"Vill du f\u00e5 en snabb nyhetsuppdatering kring l\u00e4get i V\u00e4rmland? H\u00e4r \u00e4r morgonens nyheter. Den ny\u00f6ppnade ostbutiken Brie&hellip;\n","protected":false},"author":2,"featured_media":125902,"comment_status":"","ping_status":"","sticky":false,"template":"","format":"standard","meta":{"footnotes":""},"categories":[65],"tags":[72,70,71,34,31,33,32,30],"class_list":{"0":"post-125901","1":"post","2":"type-post","3":"status-publish","4":"format-standard","5":"has-post-thumbnail","7":"category-ekonomi","8":"tag-business","9":"tag-economy","10":"tag-ekonomi","11":"tag-se","12":"tag-svenska","13":"tag-sverige","14":"tag-sweden","15":"tag-swedish"},"share_on_mastodon":{"url":"https:\/\/pubeurope.com\/@se\/115840781109533389","error":""},"_links":{"self":[{"href":"https:\/\/www.europesays.com\/se\/wp-json\/wp\/v2\/posts\/125901","targetHints":{"allow":["GET"]}}],"collection":[{"href":"https:\/\/www.europesays.com\/se\/wp-json\/wp\/v2\/posts"}],"about":[{"href":"https:\/\/www.europesays.com\/se\/wp-json\/wp\/v2\/types\/post"}],"author":[{"embeddable":true,"href":"https:\/\/www.europesays.com\/se\/wp-json\/wp\/v2\/users\/2"}],"replies":[{"embeddable":true,"href":"https:\/\/www.europesays.com\/se\/wp-json\/wp\/v2\/comments?post=125901"}],"version-history":[{"count":0,"href":"https:\/\/www.europesays.com\/se\/wp-json\/wp\/v2\/posts\/125901\/revisions"}],"wp:featuredmedia":[{"embeddable":true,"href":"https:\/\/www.europesays.com\/se\/wp-json\/wp\/v2\/media\/125902"}],"wp:attachment":[{"href":"https:\/\/www.europesays.com\/se\/wp-json\/wp\/v2\/media?parent=125901"}],"wp:term":[{"taxonomy":"category","embeddable":true,"href":"https:\/\/www.europesays.com\/se\/wp-json\/wp\/v2\/categories?post=125901"},{"taxonomy":"post_tag","embeddable":true,"href":"https:\/\/www.europesays.com\/se\/wp-json\/wp\/v2\/tags?post=125901"}],"curies":[{"name":"wp","href":"https:\/\/api.w.org\/{rel}","templated":true}]}}