{"id":125905,"date":"2026-01-05T05:14:09","date_gmt":"2026-01-05T05:14:09","guid":{"rendered":"https:\/\/www.europesays.com\/se\/125905\/"},"modified":"2026-01-05T05:14:09","modified_gmt":"2026-01-05T05:14:09","slug":"nwt-debatt-varmland-behover-fler-elever-pa-natur","status":"publish","type":"post","link":"https:\/\/www.europesays.com\/se\/125905\/","title":{"rendered":"NWT &#8211; Debatt: V\u00e4rmland beh\u00f6ver fler elever p\u00e5 natur"},"content":{"rendered":"<p class=\"mb-4 mx-auto max-w-xl\"><strong>Tillg\u00e5ng p\u00e5 ingenj\u00f6rskompetens \u00e4r helt avg\u00f6rande f\u00f6r V\u00e4rmlands framtida tillv\u00e4xt och v\u00e4lst\u00e5nd. V\u00e4gen dit g\u00e5r genom att fler ungdomar v\u00e4ljer natur eller teknik p\u00e5 gymnasiet, skriver Ulrika Lindstrand.<\/strong><\/p>\n<p class=\"break-words mb-4 mx-auto max-w-xl\">Senast till 2035 ska 25 procent av alla gymnasieelever i Sverige g\u00e5 naturvetenskapligt eller tekniskt program. V\u00e4rmland \u00e4r l\u00e5ngt ifr\u00e5n. Nu kr\u00e4vs stora satsningar, annars \u00e4ventyras tillv\u00e4xt och v\u00e4lst\u00e5nd.<\/p>\n<p class=\"break-words mb-4 mx-auto max-w-xl\">Sverige beh\u00f6ver fler ingenj\u00f6rer f\u00f6r att lyckas med den gr\u00f6na och digitala omst\u00e4llningen samt den stora f\u00f6rsvarsupprustningen. I b\u00f6rjan av 2025 presenterade regeringen en nationell STEM-strategi f\u00f6r hur Sverige ska bli mer framst\u00e5ende inom naturvetenskap, teknik och matematik.<\/p>\n<p class=\"break-words mb-4 mx-auto max-w-xl\"><strong>Gymnasievalen \u00e4r viktiga<\/strong> d\u00e5 de allra flesta som hamnar p\u00e5 en ingenj\u00f6rsutbildning har l\u00e4st naturvetenskapligt eller tekniskt gymnasieprogram. En mycket liten grupp tar omv\u00e4gen via tekniskt bas\u00e5r och liknande.<\/p>\n<p class=\"break-words mb-4 mx-auto max-w-xl\">STEM-strategin inneh\u00f6ll ett m\u00e5l om gymnasieskolan att 25 procent av alla gymnasieelever i Sverige ska g\u00e5 naturvetenskapligt eller tekniskt program 2035. I en ny kartl\u00e4ggning har Sveriges Ingenj\u00f6rer unders\u00f6kt hur landet i stort samt alla enskilda l\u00e4n ligger till i f\u00f6rh\u00e5llande till m\u00e5let.<\/p>\n<p class=\"break-words mb-4 mx-auto max-w-xl\">V\u00e4rmland placerar sig i mittenskiktet bland Sveriges l\u00e4n d\u00e5 cirka 18 procent av gymnasieeleverna g\u00e5r natur eller teknik h\u00e4r. Det finns stora skillnader inom l\u00e4net. Storfors har redan uppn\u00e5tt m\u00e5let 25 procent, Karlstad hamnar \u00f6ver rikssnittet 21 procent, medan flera kommuner hamnar l\u00e5ngt under rikssnittet. Utvecklingen g\u00e5r tyv\u00e4rr \u00e5t fel h\u00e5ll. De senaste fem \u00e5ren har andelen elever p\u00e5 natur- och teknikprogrammen i V\u00e4rmland minskat med 1 procentenheter.<\/p>\n<p class=\"break-words mb-4 mx-auto max-w-xl\"><strong>Nu m\u00e5ste utvecklingen<\/strong> v\u00e4ndas, annars hotas l\u00e4nets regionala konkurrenskraft. V\u00e4rmland huserar flera viktiga f\u00f6retag, inte minst Stora Enso. Tillg\u00e5ng p\u00e5 ingenj\u00f6rskompetens \u00e4r helt avg\u00f6rande f\u00f6r V\u00e4rmlands framtida tillv\u00e4xt och v\u00e4lst\u00e5nd. V\u00e4gen dit g\u00e5r genom att fler ungdomar v\u00e4ljer natur eller teknik p\u00e5 gymnasiet.<\/p>\n<p class=\"break-words mb-4 mx-auto max-w-xl\">Vi efterlyser d\u00e4rf\u00f6r en regional STEM-satsning och kommunala investeringar s\u00e5 att naturvetenskapliga och tekniska program erbjuds till h\u00f6g kvalitet i elevernas hemkommuner.<\/p>\n<p class=\"break-words mb-4 mx-auto max-w-xl\"><strong>Ulrika Lindstrand<\/strong><\/p>\n<p class=\"break-words mb-4 mx-auto max-w-xl\">F\u00f6rbundsordf\u00f6rande, Sveriges Ingenj\u00f6rer<\/p>\n","protected":false},"excerpt":{"rendered":"Tillg\u00e5ng p\u00e5 ingenj\u00f6rskompetens \u00e4r helt avg\u00f6rande f\u00f6r V\u00e4rmlands framtida tillv\u00e4xt och v\u00e4lst\u00e5nd. V\u00e4gen dit g\u00e5r genom att fler&hellip;\n","protected":false},"author":2,"featured_media":125906,"comment_status":"","ping_status":"","sticky":false,"template":"","format":"standard","meta":{"footnotes":""},"categories":[12],"tags":[22,23,26,27,17,21,24,25,28,29,15,16,18,34,31,33,32,30,19,20],"class_list":{"0":"post-125905","1":"post","2":"type-post","3":"status-publish","4":"format-standard","5":"has-post-thumbnail","7":"category-sverige","8":"tag-breaking-news","9":"tag-breakingnews","10":"tag-featured-news","11":"tag-featurednews","12":"tag-headlines","13":"tag-huvudnyheter","14":"tag-latest-news","15":"tag-latestnews","16":"tag-main-news","17":"tag-mainnews","18":"tag-news","19":"tag-nyheter","20":"tag-rubriker","21":"tag-se","22":"tag-svenska","23":"tag-sverige","24":"tag-sweden","25":"tag-swedish","26":"tag-top-stories","27":"tag-topstories"},"share_on_mastodon":{"url":"https:\/\/pubeurope.com\/@se\/115840788880258901","error":""},"_links":{"self":[{"href":"https:\/\/www.europesays.com\/se\/wp-json\/wp\/v2\/posts\/125905","targetHints":{"allow":["GET"]}}],"collection":[{"href":"https:\/\/www.europesays.com\/se\/wp-json\/wp\/v2\/posts"}],"about":[{"href":"https:\/\/www.europesays.com\/se\/wp-json\/wp\/v2\/types\/post"}],"author":[{"embeddable":true,"href":"https:\/\/www.europesays.com\/se\/wp-json\/wp\/v2\/users\/2"}],"replies":[{"embeddable":true,"href":"https:\/\/www.europesays.com\/se\/wp-json\/wp\/v2\/comments?post=125905"}],"version-history":[{"count":0,"href":"https:\/\/www.europesays.com\/se\/wp-json\/wp\/v2\/posts\/125905\/revisions"}],"wp:featuredmedia":[{"embeddable":true,"href":"https:\/\/www.europesays.com\/se\/wp-json\/wp\/v2\/media\/125906"}],"wp:attachment":[{"href":"https:\/\/www.europesays.com\/se\/wp-json\/wp\/v2\/media?parent=125905"}],"wp:term":[{"taxonomy":"category","embeddable":true,"href":"https:\/\/www.europesays.com\/se\/wp-json\/wp\/v2\/categories?post=125905"},{"taxonomy":"post_tag","embeddable":true,"href":"https:\/\/www.europesays.com\/se\/wp-json\/wp\/v2\/tags?post=125905"}],"curies":[{"name":"wp","href":"https:\/\/api.w.org\/{rel}","templated":true}]}}