{"id":125915,"date":"2026-01-05T05:21:10","date_gmt":"2026-01-05T05:21:10","guid":{"rendered":"https:\/\/www.europesays.com\/se\/125915\/"},"modified":"2026-01-05T05:21:10","modified_gmt":"2026-01-05T05:21:10","slug":"fran-min-sanning-till-bibeln-ar-sanningen-kvartal","status":"publish","type":"post","link":"https:\/\/www.europesays.com\/se\/125915\/","title":{"rendered":"Fr\u00e5n min sanning till Bibeln \u00e4r sanningen \u2013 Kvartal"},"content":{"rendered":"<p class=\"text-[17px] sm:text-[18px] leading-[1.5] font-cambon text-text-default-tertiary\">Postmodernismen var en v\u00e4rldslig fr\u00e4lsningsr\u00f6relse f\u00f6r den enskilde individen. P\u00e5 religionens omr\u00e5de yttrar sig motst\u00e5ndet i en nyv\u00e4ckt traditionell kristen tro, byggd p\u00e5 att endast Jesus och Bibeln \u00e4r sanningen. Resultatet kan bli en v\u00e4lg\u00f6rande \u00e5terg\u00e5ng till ett f\u00f6rmodernt tillst\u00e5nd. Det menar Per Ewert, direktor vid Claphaminstitutet och aktuell med boken M\u00e4sterverket: Varf\u00f6r Bibeln \u00e4r den fr\u00e4msta litter\u00e4ra produkten i v\u00e4rldshistorien.<\/p>\n","protected":false},"excerpt":{"rendered":"Postmodernismen var en v\u00e4rldslig fr\u00e4lsningsr\u00f6relse f\u00f6r den enskilde individen. P\u00e5 religionens omr\u00e5de yttrar sig motst\u00e5ndet i en nyv\u00e4ckt&hellip;\n","protected":false},"author":2,"featured_media":125916,"comment_status":"","ping_status":"","sticky":false,"template":"","format":"standard","meta":{"footnotes":""},"categories":[14],"tags":[22,23,26,27,17,21,13100,8051,24,25,28,29,15,16,18,34,31,33,32,30,19,20,13101,51,52,53,54],"class_list":{"0":"post-125915","1":"post","2":"type-post","3":"status-publish","4":"format-standard","5":"has-post-thumbnail","7":"category-varlden","8":"tag-breaking-news","9":"tag-breakingnews","10":"tag-featured-news","11":"tag-featurednews","12":"tag-headlines","13":"tag-huvudnyheter","14":"tag-ideologier","15":"tag-kristendom","16":"tag-latest-news","17":"tag-latestnews","18":"tag-main-news","19":"tag-mainnews","20":"tag-news","21":"tag-nyheter","22":"tag-rubriker","23":"tag-se","24":"tag-svenska","25":"tag-sverige","26":"tag-sweden","27":"tag-swedish","28":"tag-top-stories","29":"tag-topstories","30":"tag-upplysningen","31":"tag-varlden","32":"tag-world","33":"tag-world-news","34":"tag-worldnews"},"share_on_mastodon":{"url":"https:\/\/pubeurope.com\/@se\/115840816473132665","error":""},"_links":{"self":[{"href":"https:\/\/www.europesays.com\/se\/wp-json\/wp\/v2\/posts\/125915","targetHints":{"allow":["GET"]}}],"collection":[{"href":"https:\/\/www.europesays.com\/se\/wp-json\/wp\/v2\/posts"}],"about":[{"href":"https:\/\/www.europesays.com\/se\/wp-json\/wp\/v2\/types\/post"}],"author":[{"embeddable":true,"href":"https:\/\/www.europesays.com\/se\/wp-json\/wp\/v2\/users\/2"}],"replies":[{"embeddable":true,"href":"https:\/\/www.europesays.com\/se\/wp-json\/wp\/v2\/comments?post=125915"}],"version-history":[{"count":0,"href":"https:\/\/www.europesays.com\/se\/wp-json\/wp\/v2\/posts\/125915\/revisions"}],"wp:featuredmedia":[{"embeddable":true,"href":"https:\/\/www.europesays.com\/se\/wp-json\/wp\/v2\/media\/125916"}],"wp:attachment":[{"href":"https:\/\/www.europesays.com\/se\/wp-json\/wp\/v2\/media?parent=125915"}],"wp:term":[{"taxonomy":"category","embeddable":true,"href":"https:\/\/www.europesays.com\/se\/wp-json\/wp\/v2\/categories?post=125915"},{"taxonomy":"post_tag","embeddable":true,"href":"https:\/\/www.europesays.com\/se\/wp-json\/wp\/v2\/tags?post=125915"}],"curies":[{"name":"wp","href":"https:\/\/api.w.org\/{rel}","templated":true}]}}