{"id":125921,"date":"2026-01-05T05:30:19","date_gmt":"2026-01-05T05:30:19","guid":{"rendered":"https:\/\/www.europesays.com\/se\/125921\/"},"modified":"2026-01-05T05:30:19","modified_gmt":"2026-01-05T05:30:19","slug":"alla-dodsoffren-i-schweiziska-branden-identifierade-20-var-minderariga-utrikes","status":"publish","type":"post","link":"https:\/\/www.europesays.com\/se\/125921\/","title":{"rendered":"Alla d\u00f6dsoffren i schweiziska branden identifierade \u2013 20 var minder\u00e5riga | Utrikes"},"content":{"rendered":"<p class=\"aw-1gybjub aw-5vja16 kEtdKx kmuxyA yle__article__paragraph\">Branden intr\u00e4ffade i en bar p\u00e5 ny\u00e5rsnatten.<\/p>\n<p><img decoding=\"async\" alt=\"Brandm\u00e4n at\u00e5r framf\u00f6r ett blomsterhav p\u00e5 marken.\" src=\"https:\/\/www.europesays.com\/se\/wp-content\/uploads\/2026\/01\/39-1576928695a55b5e8dfa.jpeg\" class=\"aw-1l9m598 hKVVvP\"\/><\/p>\n<p>\u00d6ppna bildvisare<\/p>\n<p>R\u00e4ddningsarbetare samlades p\u00e5 s\u00f6ndagen f\u00f6r att hedra brandoffren. Bild: Jean-Cristophe Bott \/ EPALyssna (du h\u00f6r en artificiell r\u00f6st) 0:57<\/p>\n<p class=\"aw-1gybjub aw-1p7kakr kEtdKx cEmitX yle__article__paragraph\">Alla 40 m\u00e4nniskor som miste livet i <a class=\"aw-iao6s4 iHOxEa yle__article__link\" href=\"https:\/\/yle.fi\/a\/7-10090735\" role=\"link\" rel=\"nofollow noopener\" target=\"_blank\">branden<\/a> p\u00e5 en bar i Crans-Montana i Schweiz har identifierats, meddelade den lokala polisen p\u00e5 s\u00f6ndagen.<\/p>\n<p class=\"aw-1gybjub aw-1p7kakr kEtdKx cEmitX yle__article__paragraph\">20 av d\u00f6dsoffren var minder\u00e5riga.<\/p>\n<p class=\"aw-1gybjub aw-1p7kakr kEtdKx cEmitX yle__article__paragraph\">De d\u00f6da var mellan 14 och 39 \u00e5r gamla. Bland offren finns f\u00f6rutom schweiziska medborgare ocks\u00e5 personer med franskt, israeliskt, brittiskt, italienskt, emiratiskt, belgiskt, portugisiskt, rum\u00e4nskt och turkiskt medborgarskap.<\/p>\n<p class=\"aw-1gybjub aw-1p7kakr kEtdKx cEmitX yle__article__paragraph\">Det var p\u00e5 ny\u00e5rsnatten som den f\u00f6r\u00f6dande branden intr\u00e4ffade. <a class=\"aw-iao6s4 iHOxEa yle__article__link\" href=\"https:\/\/yle.fi\/a\/7-10090784\" role=\"link\" rel=\"nofollow noopener\" target=\"_blank\">Myndigheterna misst\u00e4nker<\/a> att den orsakades av sprakande s\u00e5 kallade isfacklor som anv\u00e4ndes i ny\u00e5rsfirandet.<\/p>\n<p class=\"aw-1gybjub aw-1p7kakr kEtdKx cEmitX yle__article__paragraph\">F\u00f6rutom d\u00f6dsoffren skadades l\u00e5ngt \u00f6ver hundra personer. M\u00e5nga fick sv\u00e5ra br\u00e4nnskador.<\/p>\n<p class=\"aw-1gybjub aw-1p7kakr kEtdKx cEmitX yle__article__paragraph\">K\u00e4lla: AFP<\/p>\n","protected":false},"excerpt":{"rendered":"Branden intr\u00e4ffade i en bar p\u00e5 ny\u00e5rsnatten. \u00d6ppna bildvisare R\u00e4ddningsarbetare samlades p\u00e5 s\u00f6ndagen f\u00f6r att hedra brandoffren. Bild:&hellip;\n","protected":false},"author":2,"featured_media":125922,"comment_status":"","ping_status":"","sticky":false,"template":"","format":"standard","meta":{"footnotes":""},"categories":[14],"tags":[22,23,6358,13102,26,27,17,21,13103,24,25,28,29,15,16,4972,1274,13104,4977,18,34,31,33,32,30,19,20,237,51,52,53,54],"class_list":{"0":"post-125921","1":"post","2":"type-post","3":"status-publish","4":"format-standard","5":"has-post-thumbnail","7":"category-varlden","8":"tag-breaking-news","9":"tag-breakingnews","10":"tag-doden","11":"tag-eldsvador","12":"tag-featured-news","13":"tag-featurednews","14":"tag-headlines","15":"tag-huvudnyheter","16":"tag-identifiering","17":"tag-latest-news","18":"tag-latestnews","19":"tag-main-news","20":"tag-mainnews","21":"tag-news","22":"tag-nyheter","23":"tag-olyckor","24":"tag-polisen","25":"tag-raddningsarbete","26":"tag-raddningsverksamhet","27":"tag-rubriker","28":"tag-se","29":"tag-svenska","30":"tag-sverige","31":"tag-sweden","32":"tag-swedish","33":"tag-top-stories","34":"tag-topstories","35":"tag-utrikes","36":"tag-varlden","37":"tag-world","38":"tag-world-news","39":"tag-worldnews"},"share_on_mastodon":{"url":"https:\/\/pubeurope.com\/@se\/115840851780286795","error":""},"_links":{"self":[{"href":"https:\/\/www.europesays.com\/se\/wp-json\/wp\/v2\/posts\/125921","targetHints":{"allow":["GET"]}}],"collection":[{"href":"https:\/\/www.europesays.com\/se\/wp-json\/wp\/v2\/posts"}],"about":[{"href":"https:\/\/www.europesays.com\/se\/wp-json\/wp\/v2\/types\/post"}],"author":[{"embeddable":true,"href":"https:\/\/www.europesays.com\/se\/wp-json\/wp\/v2\/users\/2"}],"replies":[{"embeddable":true,"href":"https:\/\/www.europesays.com\/se\/wp-json\/wp\/v2\/comments?post=125921"}],"version-history":[{"count":0,"href":"https:\/\/www.europesays.com\/se\/wp-json\/wp\/v2\/posts\/125921\/revisions"}],"wp:featuredmedia":[{"embeddable":true,"href":"https:\/\/www.europesays.com\/se\/wp-json\/wp\/v2\/media\/125922"}],"wp:attachment":[{"href":"https:\/\/www.europesays.com\/se\/wp-json\/wp\/v2\/media?parent=125921"}],"wp:term":[{"taxonomy":"category","embeddable":true,"href":"https:\/\/www.europesays.com\/se\/wp-json\/wp\/v2\/categories?post=125921"},{"taxonomy":"post_tag","embeddable":true,"href":"https:\/\/www.europesays.com\/se\/wp-json\/wp\/v2\/tags?post=125921"}],"curies":[{"name":"wp","href":"https:\/\/api.w.org\/{rel}","templated":true}]}}