{"id":125936,"date":"2026-01-05T05:55:16","date_gmt":"2026-01-05T05:55:16","guid":{"rendered":"https:\/\/www.europesays.com\/se\/125936\/"},"modified":"2026-01-05T05:55:16","modified_gmt":"2026-01-05T05:55:16","slug":"avveckla-den-sjalvstandiga-myndigheten-kson-i-norrtalje","status":"publish","type":"post","link":"https:\/\/www.europesays.com\/se\/125936\/","title":{"rendered":"\u201dAvveckla den sj\u00e4lvst\u00e4ndiga myndigheten KSON i Norrt\u00e4lje\u201d"},"content":{"rendered":"<p class=\"css-176tai e1uki5l82\"><strong>H\u00e4lso- och sjukv\u00e5rdsf\u00f6rvaltningen<\/strong> (HSF) \u201dbest\u00e4ller\u201d och f\u00f6ljer upp all sjukv\u00e5rd i Region Stockholm med undantag av Norrt\u00e4lje. Sedan 2016 sker best\u00e4llning av sjukv\u00e5rd i Norrt\u00e4lje via myndigheten Kommunalf\u00f6rbundet sjukv\u00e5rd och omsorg i Norrt\u00e4lje (KSON).<\/p>\n<p class=\"css-176tai e1uki5l82\">Inom kort f\u00e5r akutsjukhuset i Norrt\u00e4lje sin tredje sjukhuschef inom loppet av ett \u00e5r. Rollen \u00e4r kombinerad med rollen som vice vd i v\u00e5rdbolaget Tiohundra AB. Tiohundra AB driver sjukv\u00e5rd p\u00e5 Norrt\u00e4lje sjukhus och en del av omsorgsverksamheten i Norrt\u00e4lje kommun.<\/p>\n<p class=\"css-176tai e1uki5l82\"><strong>L\u00e4s mer: <\/strong><strong><a href=\"https:\/\/www.dagensmedicin.se\/arbetsliv\/personnytt\/tiohundra-plockar-ny-sjukhuschef-fran-sos\/\" rel=\"nofollow noopener\" target=\"_blank\">Tiohundra plockar ny sjukhuschef fr\u00e5n S\u00f6s<\/a><\/strong><\/p>\n<p class=\"css-176tai e1uki5l82\"><strong>Den sj\u00e4lvst\u00e4ndiga<\/strong> myndigheten KSON skapades 2016 och \u00e4r f\u00f6r Sverige en unik administrativ niv\u00e5. Region Stockholm och Norrt\u00e4lje kommun \u00e4r \u201d\u00e4gare\u201d av KSON. Kommunala skattepengar fr\u00e5n Norrt\u00e4lje kommun och regionala skattepengar fr\u00e5n Region Stockholm tilldelas KSON. I n\u00e4sta steg anv\u00e4nds dessa skattepengar f\u00f6r att \u201dbest\u00e4lla sjukv\u00e5rd\u201d och finansiera omsorgen f\u00f6r kommuninv\u00e5narna i Norrt\u00e4lje. \u00c4r denna styrmodell effektiv?<\/p>\n<p class=\"css-176tai e1uki5l82\">2006 startade ett projekt i Norrt\u00e4lje k\u00e4nt som Norrt\u00e4ljemodellen. M\u00e5lbilden var en \u201ds\u00f6ml\u00f6s\u201d sjukv\u00e5rd och omsorg f\u00f6r inv\u00e5narna i Norrt\u00e4lje kommun. Tanken var att det skulle vara l\u00e4ttare f\u00f6r personalen p\u00e5 sjukhuset att samarbeta med personalen p\u00e5 v\u00e5rdcentraler, v\u00e5rdboenden och inom hemtj\u00e4nsten om \u201dall verksamhet fanns under samma tak\u201d.<\/p>\n<p class=\"css-176tai e1uki5l82\"><strong>Tanken var god<\/strong> och aktiebolaget Tiohundra AB bildades.<\/p>\n<p class=\"css-176tai e1uki5l82\">2008 instiftade riksdagen Lagen om valfrihetssystem (LOV). Lagen inneb\u00e4r att regionerna i Sverige beh\u00f6ver till\u00e5ta fri etablering inom prim\u00e4rv\u00e5rden. I Norrt\u00e4lje kommun finns nu privat drivna v\u00e5rdcentraler parallellt med de som drivs i Tiohundra AB, det vill s\u00e4ga i regionens egen regi.<\/p>\n<p class=\"css-176tai e1uki5l82\">LOV inneb\u00e4r ocks\u00e5 m\u00f6jlighet f\u00f6r privat etablering inom omsorgen, hemtj\u00e4nsten och v\u00e5rdboenden. Norrt\u00e4lje kommun valde att \u00f6ppna den m\u00f6jligheten. Nu finns b\u00e5de privat hemtj\u00e4nst och privat drivna v\u00e5rdboenden i Norrt\u00e4lje kommun.<\/p>\n<p class=\"css-176tai e1uki5l82\"><strong>Verkligheten har <\/strong>sprungit ifr\u00e5n styrmodellen i Norrt\u00e4lje. Nu finns privata akt\u00f6rer inom prim\u00e4rv\u00e5rd och omsorg. Norrt\u00e4lje sjukhus tar emot patienter fr\u00e5n flera kommuner. Sjukhuset beh\u00f6ver samarbeta med andra akutsjukhus, med geriatriska enheter, prim\u00e4rv\u00e5rd och omsorg \u00e4ven utanf\u00f6r kommungr\u00e4nsen och oavsett driftsform.<\/p>\n<p class=\"css-176tai e1uki5l82\">En sv\u00e5righet f\u00f6r Norrt\u00e4lje sjukhus utveckling \u00e4r det l\u00e5nga avst\u00e5ndet till h\u00e4lso- och sjukv\u00e5rdsf\u00f6rvaltningen, d\u00e4r analyser arbetas fram som underlag till regionpolitikerna f\u00f6r strategiska beslut och d\u00e4r best\u00e4llning och uppf\u00f6ljning av all sjukv\u00e5rd i Region Stockholm sker \u2013 med undantag av Norrt\u00e4lje.\u00a0<\/p>\n<p class=\"css-176tai e1uki5l82\">Demografin har f\u00f6r\u00e4ndrats. Sjukhuset i Norrt\u00e4lje beh\u00f6vs mer \u00e4n n\u00e5gonsin.<\/p>\n<p class=\"css-176tai e1uki5l82\">Region Stockholm har ocks\u00e5 avsatt 750 miljoner kronor i samband med f\u00f6rstudier f\u00f6r en utbyggnad av Norrt\u00e4lje sjukhus. Den 18 december fattade regionstyrelsen beslut om att g\u00e5 vidare med f\u00f6rslaget fr\u00e5n f\u00f6rstudien, vilket inneb\u00e4r att projektet g\u00e5r vidare till planeringsskedet under 2026-2027.<\/p>\n<p class=\"css-176tai e1uki5l82\"><strong>Det politiska landskap<\/strong> som nu r\u00e5der i Region Stockholm har den senaste tiden lett fram till avbolagisering av regiondrivna akutsjukhus. Norrt\u00e4lje sjukhus drivs dock fortsatt i bolagsform via Tiohundra AB.<\/p>\n<p class=\"css-176tai e1uki5l82\">Specialistsjukv\u00e5rden p\u00e5 Norrt\u00e4lje sjukhus, prim\u00e4rv\u00e5rden, geriatriken och psykiatrin beh\u00f6ver \u00e5terg\u00e5 till att administrativt ligga direkt under h\u00e4lso- och sjukv\u00e5rdsf\u00f6rvaltningen, d\u00e4r administrativa strukturer f\u00f6r detta redan finns.<\/p>\n<p class=\"css-176tai e1uki5l82\">Personalen p\u00e5 sjukhuset m\u00e5ste sj\u00e4lvklart forts\u00e4tta samarbeta med all omsorg och prim\u00e4rv\u00e5rd oavsett lokalisation och driftsform \u2013 den tanken f\u00f6r\u00e4ndras inte.<\/p>\n<p class=\"css-176tai e1uki5l82\"><strong>Politiker oavsett partif\u00e4rg<\/strong> m\u00e5ste v\u00e4rna den regionala skatt som inv\u00e5narna i Region Stockholm betalar och se till att de pengar som avs\u00e4tts f\u00f6r sjukv\u00e5rd g\u00e5r rakast m\u00f6jliga v\u00e4g tillbaka till de inv\u00e5nare som blir patienter.<\/p>\n<p class=\"css-176tai e1uki5l82\">Regionens skattepengar m\u00e5ste undvika omv\u00e4gar. Tiden \u00e4r mogen f\u00f6r att avveckla den sj\u00e4lvst\u00e4ndiga myndigheten KSON.<\/p>\n<p class=\"css-176tai e1uki5l82\"><strong>Annika L\u00f3pez<\/strong>, \u00f6verl\u00e4kare i obstetrik och gynekologi, Norrt\u00e4lje sjukhus<\/p>\n<p>Kommentarer<\/p>\n<p>Arbetar du i sjukv\u00e5rden och vill kommentera texten utifr\u00e5n din yrkesroll?<br \/><a rel=\"noopener noreferrer nofollow\" target=\"_blank\" href=\"https:\/\/docs.google.com\/forms\/d\/e\/1FAIpQLSffxZDE1coKz-qKJnvxSysAsfgKl1gp7Fnt2oZLE2IoHR0LWQ\/viewform\">Klicka h\u00e4r! \u00a0\u00a0<\/a> <br \/>Kommentarer publiceras efter granskning.<\/p>\n","protected":false},"excerpt":{"rendered":"H\u00e4lso- och sjukv\u00e5rdsf\u00f6rvaltningen (HSF) \u201dbest\u00e4ller\u201d och f\u00f6ljer upp all sjukv\u00e5rd i Region Stockholm med undantag av Norrt\u00e4lje. Sedan&hellip;\n","protected":false},"author":2,"featured_media":125937,"comment_status":"","ping_status":"","sticky":false,"template":"","format":"standard","meta":{"footnotes":""},"categories":[12],"tags":[22,23,26,27,17,21,24,25,28,29,15,16,18,34,31,33,32,30,19,20],"class_list":{"0":"post-125936","1":"post","2":"type-post","3":"status-publish","4":"format-standard","5":"has-post-thumbnail","7":"category-sverige","8":"tag-breaking-news","9":"tag-breakingnews","10":"tag-featured-news","11":"tag-featurednews","12":"tag-headlines","13":"tag-huvudnyheter","14":"tag-latest-news","15":"tag-latestnews","16":"tag-main-news","17":"tag-mainnews","18":"tag-news","19":"tag-nyheter","20":"tag-rubriker","21":"tag-se","22":"tag-svenska","23":"tag-sverige","24":"tag-sweden","25":"tag-swedish","26":"tag-top-stories","27":"tag-topstories"},"share_on_mastodon":{"url":"https:\/\/pubeurope.com\/@se\/115840950092999609","error":""},"_links":{"self":[{"href":"https:\/\/www.europesays.com\/se\/wp-json\/wp\/v2\/posts\/125936","targetHints":{"allow":["GET"]}}],"collection":[{"href":"https:\/\/www.europesays.com\/se\/wp-json\/wp\/v2\/posts"}],"about":[{"href":"https:\/\/www.europesays.com\/se\/wp-json\/wp\/v2\/types\/post"}],"author":[{"embeddable":true,"href":"https:\/\/www.europesays.com\/se\/wp-json\/wp\/v2\/users\/2"}],"replies":[{"embeddable":true,"href":"https:\/\/www.europesays.com\/se\/wp-json\/wp\/v2\/comments?post=125936"}],"version-history":[{"count":0,"href":"https:\/\/www.europesays.com\/se\/wp-json\/wp\/v2\/posts\/125936\/revisions"}],"wp:featuredmedia":[{"embeddable":true,"href":"https:\/\/www.europesays.com\/se\/wp-json\/wp\/v2\/media\/125937"}],"wp:attachment":[{"href":"https:\/\/www.europesays.com\/se\/wp-json\/wp\/v2\/media?parent=125936"}],"wp:term":[{"taxonomy":"category","embeddable":true,"href":"https:\/\/www.europesays.com\/se\/wp-json\/wp\/v2\/categories?post=125936"},{"taxonomy":"post_tag","embeddable":true,"href":"https:\/\/www.europesays.com\/se\/wp-json\/wp\/v2\/tags?post=125936"}],"curies":[{"name":"wp","href":"https:\/\/api.w.org\/{rel}","templated":true}]}}